{"id":1258,"date":"2024-07-20T01:06:01","date_gmt":"2024-07-19T23:06:01","guid":{"rendered":"https:\/\/periodicolarepublica.com\/?p=1258"},"modified":"2024-07-20T01:06:01","modified_gmt":"2024-07-19T23:06:01","slug":"ministro-de-salud-publica-destaca-avances-en-jornadas-contra-el-dengue","status":"publish","type":"post","link":"https:\/\/periodicolarepublica.com\/index.php\/2024\/07\/20\/ministro-de-salud-publica-destaca-avances-en-jornadas-contra-el-dengue\/","title":{"rendered":"Ministro de Salud P\u00fablica destaca avances en jornadas contra el Dengue"},"content":{"rendered":"\r\n<p><img loading=\"lazy\" decoding=\"async\" class=\"size-medium wp-image-1266 alignright\" src=\"https:\/\/periodicolarepublica.com\/wp-content\/uploads\/2024\/07\/452136534_18442954585007955_2100326427174588918_n-300x200.jpg\" alt=\"\" width=\"300\" height=\"200\" srcset=\"https:\/\/periodicolarepublica.com\/wp-content\/uploads\/2024\/07\/452136534_18442954585007955_2100326427174588918_n-300x200.jpg?v=1721430338 300w, https:\/\/periodicolarepublica.com\/wp-content\/uploads\/2024\/07\/452136534_18442954585007955_2100326427174588918_n-1024x682.jpg?v=1721430338 1024w, https:\/\/periodicolarepublica.com\/wp-content\/uploads\/2024\/07\/452136534_18442954585007955_2100326427174588918_n-768x511.jpg?v=1721430338 768w, https:\/\/periodicolarepublica.com\/wp-content\/uploads\/2024\/07\/452136534_18442954585007955_2100326427174588918_n-150x100.jpg?v=1721430338 150w, https:\/\/periodicolarepublica.com\/wp-content\/uploads\/2024\/07\/452136534_18442954585007955_2100326427174588918_n-600x399.jpg?v=1721430338 600w, https:\/\/periodicolarepublica.com\/wp-content\/uploads\/2024\/07\/452136534_18442954585007955_2100326427174588918_n-696x463.jpg?v=1721430338 696w, https:\/\/periodicolarepublica.com\/wp-content\/uploads\/2024\/07\/452136534_18442954585007955_2100326427174588918_n-1068x711.jpg?v=1721430338 1068w, https:\/\/periodicolarepublica.com\/wp-content\/uploads\/2024\/07\/452136534_18442954585007955_2100326427174588918_n.jpg?v=1721430338 1080w\" sizes=\"auto, (max-width: 300px) 100vw, 300px\" \/>El Ministro de Salud P\u00fablica, Dr. V\u00edctor Atallah, revis\u00f3 recientemente los avances logrados en las jornadas contra el Dengue, cuyos resultados han superado las expectativas. Durante la evaluaci\u00f3n, el Ministro agradeci\u00f3 al Director de la Oficina de Gesti\u00f3n Desconcentrada, Luis Nelson Rosario, por su liderazgo y el trabajo de su equipo.<br \/><br \/><br \/>El Dr. V\u00edctor Atallah, Ministro de Salud P\u00fablica, expres\u00f3 su satisfacci\u00f3n por los avances alcanzados en las jornadas contra el Dengue a nivel nacional. \u00abEstamos muy complacidos con los resultados obtenidos hasta el momento, que han superado nuestras expectativas iniciales\u00bb, se\u00f1al\u00f3 el Ministro.<br \/><br \/>Durante la revisi\u00f3n de los progresos, el Dr. Atallah agradeci\u00f3 especialmente al Director de la Oficina de Gesti\u00f3n Desconcentrada, Luis Nelson Rosario, y a su equipo, por el destacado trabajo realizado en la implementaci\u00f3n de las estrategias y acciones para combatir eficazmente esta enfermedad.<br \/><br \/>\u00abReconocemos el compromiso y esfuerzo de todo el personal de salud que ha hecho posible estos avances significativos en la lucha contra el Dengue. Seguiremos trabajando de manera coordinada para mantener estos resultados positivos y proteger la salud de nuestra poblaci\u00f3n\u00bb, concluy\u00f3 el Ministro.<\/p>\r\n","protected":false},"excerpt":{"rendered":"<p>El Ministro de Salud P\u00fablica, Dr. V\u00edctor Atallah, revis\u00f3 recientemente los avances logrados en las jornadas contra el Dengue, cuyos resultados han superado las expectativas. Durante la evaluaci\u00f3n, el Ministro agradeci\u00f3 al Director de la Oficina de Gesti\u00f3n Desconcentrada, Luis Nelson Rosario, por su liderazgo y el trabajo de su equipo. El Dr. V\u00edctor Atallah, [&hellip;]<\/p>\n","protected":false},"author":6,"featured_media":1266,"comment_status":"open","ping_status":"open","sticky":false,"template":"","format":"standard","meta":{"om_disable_all_campaigns":false,"_monsterinsights_skip_tracking":false,"_monsterinsights_sitenote_active":false,"_monsterinsights_sitenote_note":"","_monsterinsights_sitenote_category":0,"footnotes":""},"categories":[1],"tags":[175,161],"class_list":{"0":"post-1258","1":"post","2":"type-post","3":"status-publish","4":"format-standard","5":"has-post-thumbnail","7":"category-nacionales","8":"tag-ministro-de-salud-publica","9":"tag-victor-atallah"},"aioseo_notices":[],"_links":{"self":[{"href":"https:\/\/periodicolarepublica.com\/index.php\/wp-json\/wp\/v2\/posts\/1258","targetHints":{"allow":["GET"]}}],"collection":[{"href":"https:\/\/periodicolarepublica.com\/index.php\/wp-json\/wp\/v2\/posts"}],"about":[{"href":"https:\/\/periodicolarepublica.com\/index.php\/wp-json\/wp\/v2\/types\/post"}],"author":[{"embeddable":true,"href":"https:\/\/periodicolarepublica.com\/index.php\/wp-json\/wp\/v2\/users\/6"}],"replies":[{"embeddable":true,"href":"https:\/\/periodicolarepublica.com\/index.php\/wp-json\/wp\/v2\/comments?post=1258"}],"version-history":[{"count":2,"href":"https:\/\/periodicolarepublica.com\/index.php\/wp-json\/wp\/v2\/posts\/1258\/revisions"}],"predecessor-version":[{"id":1267,"href":"https:\/\/periodicolarepublica.com\/index.php\/wp-json\/wp\/v2\/posts\/1258\/revisions\/1267"}],"wp:featuredmedia":[{"embeddable":true,"href":"https:\/\/periodicolarepublica.com\/index.php\/wp-json\/wp\/v2\/media\/1266"}],"wp:attachment":[{"href":"https:\/\/periodicolarepublica.com\/index.php\/wp-json\/wp\/v2\/media?parent=1258"}],"wp:term":[{"taxonomy":"category","embeddable":true,"href":"https:\/\/periodicolarepublica.com\/index.php\/wp-json\/wp\/v2\/categories?post=1258"},{"taxonomy":"post_tag","embeddable":true,"href":"https:\/\/periodicolarepublica.com\/index.php\/wp-json\/wp\/v2\/tags?post=1258"}],"curies":[{"name":"wp","href":"https:\/\/api.w.org\/{rel}","templated":true}]}}