{"id":1261,"date":"2024-07-19T20:05:45","date_gmt":"2024-07-19T18:05:45","guid":{"rendered":"https:\/\/periodicolarepublica.com\/?p=1261"},"modified":"2024-07-19T20:05:45","modified_gmt":"2024-07-19T18:05:45","slug":"alcaldia-de-santo-domingo-este-y-siuben-firman-acuerdo","status":"publish","type":"post","link":"https:\/\/periodicolarepublica.com\/index.php\/2024\/07\/19\/alcaldia-de-santo-domingo-este-y-siuben-firman-acuerdo\/","title":{"rendered":"Alcald\u00eda de Santo Domingo Este y SIUBEN firman acuerdo\u00a0"},"content":{"rendered":"<p>La Alcald\u00eda de Santo Domingo Este y el Sistema \u00danico de Beneficiarios (SIUBEN) formalizaron un acuerdo estrat\u00e9gico destinado a la identificaci\u00f3n y atenci\u00f3n de la vulnerabilidad de la poblaci\u00f3n en el municipio. Este convenio tiene como finalidad mejorar la calidad de vida de los ciudadanos a trav\u00e9s de un trabajo conjunto entre instituciones.<\/p>\n<p><img loading=\"lazy\" decoding=\"async\" class=\"alignnone size-medium wp-image-1262\" src=\"https:\/\/periodicolarepublica.com\/wp-content\/uploads\/2024\/07\/IMG-20240719-WA0054-300x201.jpg\" alt=\"\" width=\"300\" height=\"201\" srcset=\"https:\/\/periodicolarepublica.com\/wp-content\/uploads\/2024\/07\/IMG-20240719-WA0054-300x201.jpg?v=1721412289 300w, https:\/\/periodicolarepublica.com\/wp-content\/uploads\/2024\/07\/IMG-20240719-WA0054-1024x685.jpg?v=1721412289 1024w, https:\/\/periodicolarepublica.com\/wp-content\/uploads\/2024\/07\/IMG-20240719-WA0054-768x514.jpg?v=1721412289 768w, https:\/\/periodicolarepublica.com\/wp-content\/uploads\/2024\/07\/IMG-20240719-WA0054-1536x1027.jpg?v=1721412289 1536w, https:\/\/periodicolarepublica.com\/wp-content\/uploads\/2024\/07\/IMG-20240719-WA0054-150x100.jpg?v=1721412289 150w, https:\/\/periodicolarepublica.com\/wp-content\/uploads\/2024\/07\/IMG-20240719-WA0054-600x401.jpg?v=1721412289 600w, https:\/\/periodicolarepublica.com\/wp-content\/uploads\/2024\/07\/IMG-20240719-WA0054-696x465.jpg?v=1721412289 696w, https:\/\/periodicolarepublica.com\/wp-content\/uploads\/2024\/07\/IMG-20240719-WA0054-1392x931.jpg?v=1721412289 1392w, https:\/\/periodicolarepublica.com\/wp-content\/uploads\/2024\/07\/IMG-20240719-WA0054-1068x714.jpg?v=1721412289 1068w, https:\/\/periodicolarepublica.com\/wp-content\/uploads\/2024\/07\/IMG-20240719-WA0054.jpg?v=1721412289 1600w\" sizes=\"auto, (max-width: 300px) 100vw, 300px\" \/><\/p>\n<p>Durante la reuni\u00f3n, el Director del SIUBEN, Jefrey Lizardo, destac\u00f3 la importancia de esta alianza: \u00abEstamos muy felices porque en este momento, ustedes est\u00e1n presenciando el inicio de una gesti\u00f3n colaborativa. Esta es la primera alianza estrat\u00e9gica que realizamos, gracias al apoyo de la alcald\u00eda, estamos acercando los datos y articulando la protecci\u00f3n social a los territorios con la identificaci\u00f3n de la vulnerabilidad en todos los contextos, no solo en desastres, sino en el d\u00eda a d\u00eda.\u00bb Cit\u00f3 Lizardo.<\/p>\n<p>El alcalde de Santo Domingo Este, D\u00edo Astacio, tambi\u00e9n expres\u00f3 su satisfacci\u00f3n con este acuerdo: \u00abDe inicio, queremos felicitar al SIUBEN en la persona de Jefrey Lizardo, por su aporte al salto cu\u00e1ntico que nuestra naci\u00f3n ha logrado en los \u00faltimos a\u00f1os. Nuestra gesti\u00f3n se caracteriza por estar centrada en la gente, y este acuerdo nos permitir\u00e1 acceder a informaciones cruciales para la planificaci\u00f3n y organizaci\u00f3n de intervenciones en el terreno, logrando una gesti\u00f3n verdaderamente centrada en las personas.\u00bb Afirm\u00f3 Astacio.<\/p>\n<p>Lizardo a\u00f1adi\u00f3 que la colaboraci\u00f3n permitir\u00e1 no solo identificar mejor las necesidades, sino tambi\u00e9n mejorar la articulaci\u00f3n con otras instituciones del gobierno. \u00abEstamos trabajando con m\u00e1s organismos e instituciones del Estado, incluyendo el Ministerio de Salud P\u00fablica, entre otros que nos permitir\u00e1 utilizar mejor los datos y esfuerzos para mejorar la calidad de vida de la poblaci\u00f3n,\u00bb se\u00f1al\u00f3.<\/p>\n<p>Este esfuerzo compartido de tecnolog\u00eda, registro y acceso a los servicios se realizara tambi\u00e9n mediante las juntas de vecinos para mejorar la respuesta ante emergencias, marcando un paso importante en la proclama de que \u00abSanto Domingo Este se Levanta\u00bb, mejorando la calidad de vida de todos los ciudadanos.<\/p>\n<p>El acto de firma cont\u00f3 con la presencia de \u00c1ngela Henr\u00edquez, vicealcaldesa; Jes\u00fas Col\u00f3n, secretario general; y otros funcionarios del SIUBEN y de la Alcald\u00eda de Santo Domingo Este.<\/p>\n","protected":false},"excerpt":{"rendered":"<p>La Alcald\u00eda de Santo Domingo Este y el Sistema \u00danico de Beneficiarios (SIUBEN) formalizaron un acuerdo estrat\u00e9gico destinado a la identificaci\u00f3n y atenci\u00f3n de la vulnerabilidad de la poblaci\u00f3n en el municipio. Este convenio tiene como finalidad mejorar la calidad de vida de los ciudadanos a trav\u00e9s de un trabajo conjunto entre instituciones. Durante la [&hellip;]<\/p>\n","protected":false},"author":6,"featured_media":1262,"comment_status":"open","ping_status":"open","sticky":false,"template":"","format":"standard","meta":{"om_disable_all_campaigns":false,"_monsterinsights_skip_tracking":false,"_monsterinsights_sitenote_active":false,"_monsterinsights_sitenote_note":"","_monsterinsights_sitenote_category":0,"footnotes":""},"categories":[1],"tags":[],"class_list":{"0":"post-1261","1":"post","2":"type-post","3":"status-publish","4":"format-standard","5":"has-post-thumbnail","7":"category-nacionales"},"aioseo_notices":[],"_links":{"self":[{"href":"https:\/\/periodicolarepublica.com\/index.php\/wp-json\/wp\/v2\/posts\/1261","targetHints":{"allow":["GET"]}}],"collection":[{"href":"https:\/\/periodicolarepublica.com\/index.php\/wp-json\/wp\/v2\/posts"}],"about":[{"href":"https:\/\/periodicolarepublica.com\/index.php\/wp-json\/wp\/v2\/types\/post"}],"author":[{"embeddable":true,"href":"https:\/\/periodicolarepublica.com\/index.php\/wp-json\/wp\/v2\/users\/6"}],"replies":[{"embeddable":true,"href":"https:\/\/periodicolarepublica.com\/index.php\/wp-json\/wp\/v2\/comments?post=1261"}],"version-history":[{"count":1,"href":"https:\/\/periodicolarepublica.com\/index.php\/wp-json\/wp\/v2\/posts\/1261\/revisions"}],"predecessor-version":[{"id":1263,"href":"https:\/\/periodicolarepublica.com\/index.php\/wp-json\/wp\/v2\/posts\/1261\/revisions\/1263"}],"wp:featuredmedia":[{"embeddable":true,"href":"https:\/\/periodicolarepublica.com\/index.php\/wp-json\/wp\/v2\/media\/1262"}],"wp:attachment":[{"href":"https:\/\/periodicolarepublica.com\/index.php\/wp-json\/wp\/v2\/media?parent=1261"}],"wp:term":[{"taxonomy":"category","embeddable":true,"href":"https:\/\/periodicolarepublica.com\/index.php\/wp-json\/wp\/v2\/categories?post=1261"},{"taxonomy":"post_tag","embeddable":true,"href":"https:\/\/periodicolarepublica.com\/index.php\/wp-json\/wp\/v2\/tags?post=1261"}],"curies":[{"name":"wp","href":"https:\/\/api.w.org\/{rel}","templated":true}]}}