{"id":1269,"date":"2024-07-22T01:53:41","date_gmt":"2024-07-21T23:53:41","guid":{"rendered":"https:\/\/periodicolarepublica.com\/?p=1269"},"modified":"2024-07-22T01:53:41","modified_gmt":"2024-07-21T23:53:41","slug":"presidente-abinader-da-inicio-a-la-construccion-del-hospital-traumatologico-de-san-cristobal","status":"publish","type":"post","link":"https:\/\/periodicolarepublica.com\/index.php\/2024\/07\/22\/presidente-abinader-da-inicio-a-la-construccion-del-hospital-traumatologico-de-san-cristobal\/","title":{"rendered":"Presidente Abinader da inicio a la construcci\u00f3n del Hospital Traumatol\u00f3gico de San Crist\u00f3bal"},"content":{"rendered":"\r\n<p><img loading=\"lazy\" decoding=\"async\" class=\"size-medium wp-image-1278 alignright\" src=\"https:\/\/periodicolarepublica.com\/wp-content\/uploads\/2024\/07\/20240721_195215-300x287.jpg\" alt=\"\" width=\"300\" height=\"287\" srcset=\"https:\/\/periodicolarepublica.com\/wp-content\/uploads\/2024\/07\/20240721_195215-300x287.jpg?v=1721605962 300w, https:\/\/periodicolarepublica.com\/wp-content\/uploads\/2024\/07\/20240721_195215-150x143.jpg?v=1721605962 150w, https:\/\/periodicolarepublica.com\/wp-content\/uploads\/2024\/07\/20240721_195215-600x574.jpg?v=1721605962 600w, https:\/\/periodicolarepublica.com\/wp-content\/uploads\/2024\/07\/20240721_195215-696x665.jpg?v=1721605962 696w, https:\/\/periodicolarepublica.com\/wp-content\/uploads\/2024\/07\/20240721_195215.jpg?v=1721605962 753w\" sizes=\"auto, (max-width: 300px) 100vw, 300px\" \/>El presidente de Rep\u00fablica Dominicana, Luis Abinader, acompa\u00f1ado por el Ministro de Salud P\u00fablica, Dr. V\u00edctor Atallah, dio hoy el inicio oficial a la construcci\u00f3n del nuevo Hospital Traumatol\u00f3gico de San Crist\u00f3bal, cumpliendo as\u00ed con una demanda hist\u00f3rica de la poblaci\u00f3n de esa regi\u00f3n del sur del pa\u00eds.<br \/><br \/>San Crist\u00f3bal &#8211; El presidente de la Rep\u00fablica Dominicana, Luis Abinader, encabez\u00f3 hoy la ceremonia de inicio de las obras de construcci\u00f3n del Hospital Traumatol\u00f3gico de San Crist\u00f3bal, un proyecto que beneficiar\u00e1 a una gran parte de la regi\u00f3n sur del pa\u00eds.<br \/><br \/>El mandatario estuvo acompa\u00f1ado por el Ministro de Salud P\u00fablica, Dr. V\u00edctor Atallah, quien expres\u00f3 la importancia de este nuevo centro de salud para atender las necesidades traumatol\u00f3gicas de la poblaci\u00f3n de San Crist\u00f3bal y \u00e1reas aleda\u00f1as.<br \/><br \/>\u00abEste hospital representa el cumplimiento de una demanda de d\u00e9cadas por parte de los residentes de San Crist\u00f3bal y la regi\u00f3n sur\u00bb, se\u00f1al\u00f3 el presidente Abinader durante el acto inaugural. \u00abEs un proyecto clave para mejorar el acceso a servicios m\u00e9dicos especializados y de calidad para nuestros ciudadanos\u00bb.<br \/><br \/>El nuevo Hospital Traumatol\u00f3gico de San Crist\u00f3bal contar\u00e1 con modernas instalaciones y equipamiento de vanguardia, lo que permitir\u00e1 brindar una atenci\u00f3n integral a los pacientes que requieran servicios de traumatolog\u00eda. <br \/><br \/>La construcci\u00f3n de este centro de salud es parte de la estrategia del gobierno dominicano para fortalecer la red de infraestructura hospitalaria y garantizar una cobertura eficiente en todo el territorio nacional.<\/p>\r\n","protected":false},"excerpt":{"rendered":"<p>El presidente de Rep\u00fablica Dominicana, Luis Abinader, acompa\u00f1ado por el Ministro de Salud P\u00fablica, Dr. V\u00edctor Atallah, dio hoy el inicio oficial a la construcci\u00f3n del nuevo Hospital Traumatol\u00f3gico de San Crist\u00f3bal, cumpliendo as\u00ed con una demanda hist\u00f3rica de la poblaci\u00f3n de esa regi\u00f3n del sur del pa\u00eds. San Crist\u00f3bal &#8211; El presidente de la [&hellip;]<\/p>\n","protected":false},"author":6,"featured_media":1278,"comment_status":"open","ping_status":"open","sticky":false,"template":"","format":"standard","meta":{"om_disable_all_campaigns":false,"_monsterinsights_skip_tracking":false,"_monsterinsights_sitenote_active":false,"_monsterinsights_sitenote_note":"","_monsterinsights_sitenote_category":0,"footnotes":""},"categories":[1],"tags":[159],"class_list":{"0":"post-1269","1":"post","2":"type-post","3":"status-publish","4":"format-standard","5":"has-post-thumbnail","7":"category-nacionales","8":"tag-ministro-de-salud-publica-victor-atallah"},"aioseo_notices":[],"_links":{"self":[{"href":"https:\/\/periodicolarepublica.com\/index.php\/wp-json\/wp\/v2\/posts\/1269","targetHints":{"allow":["GET"]}}],"collection":[{"href":"https:\/\/periodicolarepublica.com\/index.php\/wp-json\/wp\/v2\/posts"}],"about":[{"href":"https:\/\/periodicolarepublica.com\/index.php\/wp-json\/wp\/v2\/types\/post"}],"author":[{"embeddable":true,"href":"https:\/\/periodicolarepublica.com\/index.php\/wp-json\/wp\/v2\/users\/6"}],"replies":[{"embeddable":true,"href":"https:\/\/periodicolarepublica.com\/index.php\/wp-json\/wp\/v2\/comments?post=1269"}],"version-history":[{"count":2,"href":"https:\/\/periodicolarepublica.com\/index.php\/wp-json\/wp\/v2\/posts\/1269\/revisions"}],"predecessor-version":[{"id":1279,"href":"https:\/\/periodicolarepublica.com\/index.php\/wp-json\/wp\/v2\/posts\/1269\/revisions\/1279"}],"wp:featuredmedia":[{"embeddable":true,"href":"https:\/\/periodicolarepublica.com\/index.php\/wp-json\/wp\/v2\/media\/1278"}],"wp:attachment":[{"href":"https:\/\/periodicolarepublica.com\/index.php\/wp-json\/wp\/v2\/media?parent=1269"}],"wp:term":[{"taxonomy":"category","embeddable":true,"href":"https:\/\/periodicolarepublica.com\/index.php\/wp-json\/wp\/v2\/categories?post=1269"},{"taxonomy":"post_tag","embeddable":true,"href":"https:\/\/periodicolarepublica.com\/index.php\/wp-json\/wp\/v2\/tags?post=1269"}],"curies":[{"name":"wp","href":"https:\/\/api.w.org\/{rel}","templated":true}]}}