{"id":1277,"date":"2024-07-22T13:15:47","date_gmt":"2024-07-22T11:15:47","guid":{"rendered":"https:\/\/periodicolarepublica.com\/?p=1277"},"modified":"2024-07-25T01:36:39","modified_gmt":"2024-07-24T23:36:39","slug":"ulises-rodriguez-resalta-la-importancia-de-seminario-legislativo-para-el-prm","status":"publish","type":"post","link":"https:\/\/periodicolarepublica.com\/index.php\/2024\/07\/22\/ulises-rodriguez-resalta-la-importancia-de-seminario-legislativo-para-el-prm\/","title":{"rendered":"Ulises Rodr\u00edguez resalta la importancia de seminario legislativo para el PRM"},"content":{"rendered":"\r\n<p>Ulises Rodr\u00edguez, alcalde de Santiago de los Caballeros, destac\u00f3 la importancia del seminario legislativo organizado por el Partido Revolucionario Moderno (PRM) para capacitar a los legisladores que representan a dicho partido.<\/p>\r\n<p><img loading=\"lazy\" decoding=\"async\" class=\"alignnone size-medium wp-image-1294\" src=\"https:\/\/periodicolarepublica.com\/wp-content\/uploads\/2024\/07\/IMG_20240724_193353-300x172.jpg\" alt=\"\" width=\"300\" height=\"172\" srcset=\"https:\/\/periodicolarepublica.com\/wp-content\/uploads\/2024\/07\/IMG_20240724_193353-300x172.jpg?v=1721864167 300w, https:\/\/periodicolarepublica.com\/wp-content\/uploads\/2024\/07\/IMG_20240724_193353-768x440.jpg?v=1721864167 768w, https:\/\/periodicolarepublica.com\/wp-content\/uploads\/2024\/07\/IMG_20240724_193353-150x86.jpg?v=1721864167 150w, https:\/\/periodicolarepublica.com\/wp-content\/uploads\/2024\/07\/IMG_20240724_193353-600x344.jpg?v=1721864167 600w, https:\/\/periodicolarepublica.com\/wp-content\/uploads\/2024\/07\/IMG_20240724_193353-696x399.jpg?v=1721864167 696w, https:\/\/periodicolarepublica.com\/wp-content\/uploads\/2024\/07\/IMG_20240724_193353.jpg?v=1721864167 946w\" sizes=\"auto, (max-width: 300px) 100vw, 300px\" \/><\/p>\r\n<p>El seminario, que se llev\u00f3 a cabo recientemente en la ciudad de Santiago, cont\u00f3 con la participaci\u00f3n de destacados expertos en temas legislativos y pol\u00edticos, quienes brindaron a los participantes las herramientas necesarias para desempe\u00f1arse de manera eficiente en su labor como legisladores.<\/p>\r\n<p>Rodr\u00edguez destac\u00f3 la relevancia de este tipo de iniciativas, que permiten a los representantes del PRM estar mejor preparados para enfrentar los desaf\u00edos y responsabilidades que conlleva su cargo. Asimismo, resalt\u00f3 la importancia de mantenerse actualizado en temas legislativos y pol\u00edticos para poder cumplir con eficacia su labor en beneficio de la sociedad.<\/p>\r\n<p>El alcalde de Santiago de los Caballeros tambi\u00e9n hizo hincapi\u00e9 en la importancia de la formaci\u00f3n continua y el trabajo en equipo para lograr mayores avances y mejoras en la gesti\u00f3n p\u00fablica. Destac\u00f3 la importancia de la coordinaci\u00f3n y la colaboraci\u00f3n entre los diferentes niveles de gobierno para lograr resultados positivos.<\/p>\r\n<p>En este sentido, Ulises Rodr\u00edguez inst\u00f3 a los legisladores del PRM a aprovechar al m\u00e1ximo las herramientas y conocimientos adquiridos durante el seminario legislativo, y a trabajar de manera conjunta para seguir impulsando pol\u00edticas p\u00fablicas que beneficien a la ciudadan\u00eda y contribuyan al desarrollo del pa\u00eds.<\/p>\r\n<p>En conclusi\u00f3n, la participaci\u00f3n en este tipo de iniciativas demuestra el compromiso de Ulises Rodr\u00edguez y del PRM por formar a sus representantes y garantizar un mejor desempe\u00f1o en su labor como legisladores, con el objetivo de impulsar el progreso y el bienestar de la sociedad dominicana.<\/p>\r\n","protected":false},"excerpt":{"rendered":"<p>Ulises Rodr\u00edguez, alcalde de Santiago de los Caballeros, destac\u00f3 la importancia del seminario legislativo organizado por el Partido Revolucionario Moderno (PRM) para capacitar a los legisladores que representan a dicho partido. El seminario, que se llev\u00f3 a cabo recientemente en la ciudad de Santiago, cont\u00f3 con la participaci\u00f3n de destacados expertos en temas legislativos y [&hellip;]<\/p>\n","protected":false},"author":1,"featured_media":1294,"comment_status":"open","ping_status":"open","sticky":false,"template":"","format":"standard","meta":{"om_disable_all_campaigns":false,"_monsterinsights_skip_tracking":false,"_monsterinsights_sitenote_active":false,"_monsterinsights_sitenote_note":"","_monsterinsights_sitenote_category":0,"footnotes":""},"categories":[206,1],"tags":[175,239],"class_list":{"0":"post-1277","1":"post","2":"type-post","3":"status-publish","4":"format-standard","5":"has-post-thumbnail","7":"category-la-republica-del-cibao","8":"category-nacionales","9":"tag-ministro-de-salud-publica","10":"tag-ulises-rodriguez"},"aioseo_notices":[],"_links":{"self":[{"href":"https:\/\/periodicolarepublica.com\/index.php\/wp-json\/wp\/v2\/posts\/1277","targetHints":{"allow":["GET"]}}],"collection":[{"href":"https:\/\/periodicolarepublica.com\/index.php\/wp-json\/wp\/v2\/posts"}],"about":[{"href":"https:\/\/periodicolarepublica.com\/index.php\/wp-json\/wp\/v2\/types\/post"}],"author":[{"embeddable":true,"href":"https:\/\/periodicolarepublica.com\/index.php\/wp-json\/wp\/v2\/users\/1"}],"replies":[{"embeddable":true,"href":"https:\/\/periodicolarepublica.com\/index.php\/wp-json\/wp\/v2\/comments?post=1277"}],"version-history":[{"count":4,"href":"https:\/\/periodicolarepublica.com\/index.php\/wp-json\/wp\/v2\/posts\/1277\/revisions"}],"predecessor-version":[{"id":1295,"href":"https:\/\/periodicolarepublica.com\/index.php\/wp-json\/wp\/v2\/posts\/1277\/revisions\/1295"}],"wp:featuredmedia":[{"embeddable":true,"href":"https:\/\/periodicolarepublica.com\/index.php\/wp-json\/wp\/v2\/media\/1294"}],"wp:attachment":[{"href":"https:\/\/periodicolarepublica.com\/index.php\/wp-json\/wp\/v2\/media?parent=1277"}],"wp:term":[{"taxonomy":"category","embeddable":true,"href":"https:\/\/periodicolarepublica.com\/index.php\/wp-json\/wp\/v2\/categories?post=1277"},{"taxonomy":"post_tag","embeddable":true,"href":"https:\/\/periodicolarepublica.com\/index.php\/wp-json\/wp\/v2\/tags?post=1277"}],"curies":[{"name":"wp","href":"https:\/\/api.w.org\/{rel}","templated":true}]}}