{"id":1281,"date":"2024-07-22T21:46:38","date_gmt":"2024-07-22T19:46:38","guid":{"rendered":"https:\/\/periodicolarepublica.com\/?p=1281"},"modified":"2024-07-22T21:46:38","modified_gmt":"2024-07-22T19:46:38","slug":"ministro-de-salud-publica-activa-mecanismos-de-prevencion-ante-posible-amenaza-de-antrax","status":"publish","type":"post","link":"https:\/\/periodicolarepublica.com\/index.php\/2024\/07\/22\/ministro-de-salud-publica-activa-mecanismos-de-prevencion-ante-posible-amenaza-de-antrax\/","title":{"rendered":"Ministro de Salud P\u00fablica activa mecanismos de prevenci\u00f3n ante posible amenaza de \u00e1ntrax"},"content":{"rendered":"\r\n<p><img loading=\"lazy\" decoding=\"async\" class=\"size-medium wp-image-1272 alignright\" src=\"https:\/\/periodicolarepublica.com\/wp-content\/uploads\/2024\/07\/452384825_1174024480473788_2448755828663631866_n-300x200.jpg\" alt=\"\" width=\"300\" height=\"200\" srcset=\"https:\/\/periodicolarepublica.com\/wp-content\/uploads\/2024\/07\/452384825_1174024480473788_2448755828663631866_n-300x200.jpg?v=1721605356 300w, https:\/\/periodicolarepublica.com\/wp-content\/uploads\/2024\/07\/452384825_1174024480473788_2448755828663631866_n-1024x683.jpg?v=1721605356 1024w, https:\/\/periodicolarepublica.com\/wp-content\/uploads\/2024\/07\/452384825_1174024480473788_2448755828663631866_n-768x512.jpg?v=1721605356 768w, https:\/\/periodicolarepublica.com\/wp-content\/uploads\/2024\/07\/452384825_1174024480473788_2448755828663631866_n-150x100.jpg?v=1721605356 150w, https:\/\/periodicolarepublica.com\/wp-content\/uploads\/2024\/07\/452384825_1174024480473788_2448755828663631866_n-600x400.jpg?v=1721605356 600w, https:\/\/periodicolarepublica.com\/wp-content\/uploads\/2024\/07\/452384825_1174024480473788_2448755828663631866_n-696x464.jpg?v=1721605356 696w, https:\/\/periodicolarepublica.com\/wp-content\/uploads\/2024\/07\/452384825_1174024480473788_2448755828663631866_n-1068x712.jpg?v=1721605356 1068w, https:\/\/periodicolarepublica.com\/wp-content\/uploads\/2024\/07\/452384825_1174024480473788_2448755828663631866_n.jpg?v=1721605356 1080w\" sizes=\"auto, (max-width: 300px) 100vw, 300px\" \/>Santo Domingo, 22 de julio de 2024 &#8211; El Ministro de Salud P\u00fablica de la Rep\u00fablica Dominicana, Dr. V\u00edctor Atallah, ha puesto en marcha todos los mecanismos de prevenci\u00f3n de salud p\u00fablica para proteger a la poblaci\u00f3n ante la posible amenaza de la bacteria del \u00e1ntrax.<br \/><br \/>Seg\u00fan el Ministro Atallah, \u00abHemos activado todos los protocolos de emergencia y vigilancia epidemiol\u00f3gica para estar preparados y poder responder de manera oportuna ante cualquier incidente relacionado con el \u00e1ntrax. La salud y seguridad de los ciudadanos es nuestra m\u00e1xima prioridad\u00bb.<br \/><br \/>El Ministerio de Salud P\u00fablica ha coordinado estrechamente con las autoridades competentes para reforzar la vigilancia en puntos de entrada al pa\u00eds, fortalecer los sistemas de alerta temprana y garantizar el abastecimiento de medicamentos y equipos de protecci\u00f3n personal necesarios.<br \/><br \/>Asimismo, se han implementado campa\u00f1as de informaci\u00f3n y concientizaci\u00f3n p\u00fablica para que la poblaci\u00f3n conozca los s\u00edntomas, las formas de prevenci\u00f3n y los pasos a seguir en caso de sospecha de exposici\u00f3n al \u00e1ntrax. <br \/><br \/>\u00abEstamos tomando todas las medidas necesarias para proteger a nuestra poblaci\u00f3n y estar preparados ante cualquier eventualidad. Hacemos un llamado a la calma y a la colaboraci\u00f3n de todos los ciudadanos\u00bb, enfatiz\u00f3 el Ministro Atallah.<\/p>\r\n","protected":false},"excerpt":{"rendered":"<p>Santo Domingo, 22 de julio de 2024 &#8211; El Ministro de Salud P\u00fablica de la Rep\u00fablica Dominicana, Dr. V\u00edctor Atallah, ha puesto en marcha todos los mecanismos de prevenci\u00f3n de salud p\u00fablica para proteger a la poblaci\u00f3n ante la posible amenaza de la bacteria del \u00e1ntrax. Seg\u00fan el Ministro Atallah, \u00abHemos activado todos los protocolos [&hellip;]<\/p>\n","protected":false},"author":6,"featured_media":1272,"comment_status":"open","ping_status":"open","sticky":false,"template":"","format":"standard","meta":{"om_disable_all_campaigns":false,"_monsterinsights_skip_tracking":false,"_monsterinsights_sitenote_active":false,"_monsterinsights_sitenote_note":"","_monsterinsights_sitenote_category":0,"footnotes":""},"categories":[1],"tags":[175,161],"class_list":{"0":"post-1281","1":"post","2":"type-post","3":"status-publish","4":"format-standard","5":"has-post-thumbnail","7":"category-nacionales","8":"tag-ministro-de-salud-publica","9":"tag-victor-atallah"},"aioseo_notices":[],"_links":{"self":[{"href":"https:\/\/periodicolarepublica.com\/index.php\/wp-json\/wp\/v2\/posts\/1281","targetHints":{"allow":["GET"]}}],"collection":[{"href":"https:\/\/periodicolarepublica.com\/index.php\/wp-json\/wp\/v2\/posts"}],"about":[{"href":"https:\/\/periodicolarepublica.com\/index.php\/wp-json\/wp\/v2\/types\/post"}],"author":[{"embeddable":true,"href":"https:\/\/periodicolarepublica.com\/index.php\/wp-json\/wp\/v2\/users\/6"}],"replies":[{"embeddable":true,"href":"https:\/\/periodicolarepublica.com\/index.php\/wp-json\/wp\/v2\/comments?post=1281"}],"version-history":[{"count":2,"href":"https:\/\/periodicolarepublica.com\/index.php\/wp-json\/wp\/v2\/posts\/1281\/revisions"}],"predecessor-version":[{"id":1285,"href":"https:\/\/periodicolarepublica.com\/index.php\/wp-json\/wp\/v2\/posts\/1281\/revisions\/1285"}],"wp:featuredmedia":[{"embeddable":true,"href":"https:\/\/periodicolarepublica.com\/index.php\/wp-json\/wp\/v2\/media\/1272"}],"wp:attachment":[{"href":"https:\/\/periodicolarepublica.com\/index.php\/wp-json\/wp\/v2\/media?parent=1281"}],"wp:term":[{"taxonomy":"category","embeddable":true,"href":"https:\/\/periodicolarepublica.com\/index.php\/wp-json\/wp\/v2\/categories?post=1281"},{"taxonomy":"post_tag","embeddable":true,"href":"https:\/\/periodicolarepublica.com\/index.php\/wp-json\/wp\/v2\/tags?post=1281"}],"curies":[{"name":"wp","href":"https:\/\/api.w.org\/{rel}","templated":true}]}}