{"id":1290,"date":"2024-07-25T01:26:08","date_gmt":"2024-07-24T23:26:08","guid":{"rendered":"https:\/\/periodicolarepublica.com\/?p=1290"},"modified":"2024-07-25T01:26:08","modified_gmt":"2024-07-24T23:26:08","slug":"alcalde-dio-astacio-lanza-campana-educativa-la-basura-tiene-dias","status":"publish","type":"post","link":"https:\/\/periodicolarepublica.com\/index.php\/2024\/07\/25\/alcalde-dio-astacio-lanza-campana-educativa-la-basura-tiene-dias\/","title":{"rendered":"Alcalde D\u00edo Astacio lanza campa\u00f1a educativa \u00abLa Basura Tiene D\u00edas"},"content":{"rendered":"<p>La campa\u00f1a destaca como colocar los residuos s\u00f3lidos y las rutas de recolecci\u00f3n en el municipio<\/p>\n<p><img loading=\"lazy\" decoding=\"async\" class=\"alignnone size-medium wp-image-1291\" src=\"https:\/\/periodicolarepublica.com\/wp-content\/uploads\/2024\/07\/IMG-20240724-WA0061-244x300.jpg\" alt=\"\" width=\"244\" height=\"300\" srcset=\"https:\/\/periodicolarepublica.com\/wp-content\/uploads\/2024\/07\/IMG-20240724-WA0061-244x300.jpg?v=1721863511 244w, https:\/\/periodicolarepublica.com\/wp-content\/uploads\/2024\/07\/IMG-20240724-WA0061-834x1024.jpg?v=1721863511 834w, https:\/\/periodicolarepublica.com\/wp-content\/uploads\/2024\/07\/IMG-20240724-WA0061-768x943.jpg?v=1721863511 768w, https:\/\/periodicolarepublica.com\/wp-content\/uploads\/2024\/07\/IMG-20240724-WA0061-150x184.jpg?v=1721863511 150w, https:\/\/periodicolarepublica.com\/wp-content\/uploads\/2024\/07\/IMG-20240724-WA0061-300x368.jpg?v=1721863511 300w, https:\/\/periodicolarepublica.com\/wp-content\/uploads\/2024\/07\/IMG-20240724-WA0061-600x737.jpg?v=1721863511 600w, https:\/\/periodicolarepublica.com\/wp-content\/uploads\/2024\/07\/IMG-20240724-WA0061-324x400.jpg?v=1721863511 324w, https:\/\/periodicolarepublica.com\/wp-content\/uploads\/2024\/07\/IMG-20240724-WA0061-648x800.jpg?v=1721863511 648w, https:\/\/periodicolarepublica.com\/wp-content\/uploads\/2024\/07\/IMG-20240724-WA0061-696x855.jpg?v=1721863511 696w, https:\/\/periodicolarepublica.com\/wp-content\/uploads\/2024\/07\/IMG-20240724-WA0061-1068x1311.jpg?v=1721863511 1068w, https:\/\/periodicolarepublica.com\/wp-content\/uploads\/2024\/07\/IMG-20240724-WA0061.jpg?v=1721863511 1242w\" sizes=\"auto, (max-width: 244px) 100vw, 244px\" \/><\/p>\n<p>El alcalde de Santo Domingo Este, D\u00edo Astacio, lanz\u00f3 la campa\u00f1a educativa \u00abLa Basura Tiene D\u00edas\u00bb, con el objetivo de sensibilizar a los mun\u00edcipes sobre la correcta recolecci\u00f3n de los residuos s\u00f3lidos.<\/p>\n<p>&nbsp;<\/p>\n<p>La campa\u00f1a protagonizada por \u201cZafi\u201d, el personaje de la Alcald\u00eda, busca educar a la poblaci\u00f3n sobre las rutas y frecuencias de recolecci\u00f3n, destacando la importancia de mantener la ciudad limpia.<\/p>\n<p>El alcalde destac\u00f3 la importancia de seguir las rutas y frecuencias establecidas para evitar acumulaciones de basura en las calles y la colocaci\u00f3n de contenedores en puntos estrat\u00e9gicos del municipio, as\u00ed para facilitar la disposici\u00f3n correcta de los residuos, en caso de que el cami\u00f3n recaudador haya pasado.<\/p>\n<p>\u201cQuiero invitarlos a unirse a nuestra campa\u00f1a \u00abLa Basura Tiene D\u00edas\u00bb. Es vital que todos colaboremos para mantener nuestra ciudad limpia y saludable. Les recuerdo que los d\u00edas de recolecci\u00f3n son lunes, mi\u00e9rcoles y viernes. Si el cami\u00f3n recolector ya ha pasado, por favor dir\u00edjanse al contenedor m\u00e1s cercano\u201d, indic\u00f3 Astacio.<\/p>\n<p>Adem\u00e1s, el edil manifest\u00f3 que tener d\u00edas espec\u00edficos para la recolecci\u00f3n beneficia a la salud de los mun\u00edcipes y a la eficiencia del servicio, \u201cdejando nuestras v\u00edas m\u00e1s limpias y mantiene nuestra ciudad libre de basura es una responsabilidad compartida\u201d, manifest\u00f3.<\/p>\n<p>En ese orden, Astacio advirti\u00f3 que las personas que saquen la basura los d\u00edas no indicados por la entidad municipal ser\u00e1n multadas.<\/p>\n<p>A trav\u00e9s de actividades educativas, charlas y volantes, \u00abZafi\u00bb, personaje de la Alcald\u00eda, recorrer\u00e1 las circunscripciones del municipio, ense\u00f1ando a los residentes de que la basura se recoge los lunes, mi\u00e9rcoles y viernes, la necesidad de colocar los desechos en bolsas pl\u00e1sticas o zafacones, as\u00ed como las razones por la que la basura no puede tocar el piso.<\/p>\n<p>La Alcald\u00eda de Santo Domingo Este hizo un llamado a todos los mun\u00edcipes a seguir las rutas y frecuencias de recolecci\u00f3n las cuales pueden encontrar en la p\u00e1gina web: ayuntamientosde.gob.do y en nuestras redes sociales @Alcaldiasde.<\/p>\n","protected":false},"excerpt":{"rendered":"<p>La campa\u00f1a destaca como colocar los residuos s\u00f3lidos y las rutas de recolecci\u00f3n en el municipio El alcalde de Santo Domingo Este, D\u00edo Astacio, lanz\u00f3 la campa\u00f1a educativa \u00abLa Basura Tiene D\u00edas\u00bb, con el objetivo de sensibilizar a los mun\u00edcipes sobre la correcta recolecci\u00f3n de los residuos s\u00f3lidos. &nbsp; La campa\u00f1a protagonizada por \u201cZafi\u201d, el [&hellip;]<\/p>\n","protected":false},"author":6,"featured_media":1291,"comment_status":"open","ping_status":"open","sticky":false,"template":"","format":"standard","meta":{"om_disable_all_campaigns":false,"_monsterinsights_skip_tracking":false,"_monsterinsights_sitenote_active":false,"_monsterinsights_sitenote_note":"","_monsterinsights_sitenote_category":0,"footnotes":""},"categories":[1],"tags":[],"class_list":{"0":"post-1290","1":"post","2":"type-post","3":"status-publish","4":"format-standard","5":"has-post-thumbnail","7":"category-nacionales"},"aioseo_notices":[],"_links":{"self":[{"href":"https:\/\/periodicolarepublica.com\/index.php\/wp-json\/wp\/v2\/posts\/1290","targetHints":{"allow":["GET"]}}],"collection":[{"href":"https:\/\/periodicolarepublica.com\/index.php\/wp-json\/wp\/v2\/posts"}],"about":[{"href":"https:\/\/periodicolarepublica.com\/index.php\/wp-json\/wp\/v2\/types\/post"}],"author":[{"embeddable":true,"href":"https:\/\/periodicolarepublica.com\/index.php\/wp-json\/wp\/v2\/users\/6"}],"replies":[{"embeddable":true,"href":"https:\/\/periodicolarepublica.com\/index.php\/wp-json\/wp\/v2\/comments?post=1290"}],"version-history":[{"count":1,"href":"https:\/\/periodicolarepublica.com\/index.php\/wp-json\/wp\/v2\/posts\/1290\/revisions"}],"predecessor-version":[{"id":1292,"href":"https:\/\/periodicolarepublica.com\/index.php\/wp-json\/wp\/v2\/posts\/1290\/revisions\/1292"}],"wp:featuredmedia":[{"embeddable":true,"href":"https:\/\/periodicolarepublica.com\/index.php\/wp-json\/wp\/v2\/media\/1291"}],"wp:attachment":[{"href":"https:\/\/periodicolarepublica.com\/index.php\/wp-json\/wp\/v2\/media?parent=1290"}],"wp:term":[{"taxonomy":"category","embeddable":true,"href":"https:\/\/periodicolarepublica.com\/index.php\/wp-json\/wp\/v2\/categories?post=1290"},{"taxonomy":"post_tag","embeddable":true,"href":"https:\/\/periodicolarepublica.com\/index.php\/wp-json\/wp\/v2\/tags?post=1290"}],"curies":[{"name":"wp","href":"https:\/\/api.w.org\/{rel}","templated":true}]}}