{"id":1300,"date":"2024-07-25T01:59:32","date_gmt":"2024-07-24T23:59:32","guid":{"rendered":"https:\/\/periodicolarepublica.com\/?p=1300"},"modified":"2024-07-25T01:59:32","modified_gmt":"2024-07-24T23:59:32","slug":"un-nuevo-centro-de-interdiccion-migratoria-para-intensificar-labores-dgm","status":"publish","type":"post","link":"https:\/\/periodicolarepublica.com\/index.php\/2024\/07\/25\/un-nuevo-centro-de-interdiccion-migratoria-para-intensificar-labores-dgm\/","title":{"rendered":"Un nuevo centro de interdicci\u00f3n migratoria para intensificar labores DGM"},"content":{"rendered":"<p>La Direcci\u00f3n General de Migraci\u00f3n de la Rep\u00fablica Dominicana ha inaugurado un nuevo centro de procesamiento de interdicci\u00f3n migratoria, dise\u00f1ado para abordar de manera m\u00e1s efectiva la situaci\u00f3n de los extranjeros en condici\u00f3n irregular en el pa\u00eds. Este moderno centro, que cuenta con instalaciones adecuadas para diferentes grupos de migrantes, representa un avance significativo en la implementaci\u00f3n de pol\u00edticas migratorias m\u00e1s organizadas y humanas.<\/p>\n<p><img loading=\"lazy\" decoding=\"async\" class=\"alignnone size-medium wp-image-1301\" src=\"https:\/\/periodicolarepublica.com\/wp-content\/uploads\/2024\/07\/IMG_20240724_195141-300x185.jpg\" alt=\"\" width=\"300\" height=\"185\" srcset=\"https:\/\/periodicolarepublica.com\/wp-content\/uploads\/2024\/07\/IMG_20240724_195141-300x185.jpg?v=1721865413 300w, https:\/\/periodicolarepublica.com\/wp-content\/uploads\/2024\/07\/IMG_20240724_195141-1024x632.jpg?v=1721865413 1024w, https:\/\/periodicolarepublica.com\/wp-content\/uploads\/2024\/07\/IMG_20240724_195141-768x474.jpg?v=1721865413 768w, https:\/\/periodicolarepublica.com\/wp-content\/uploads\/2024\/07\/IMG_20240724_195141-150x93.jpg?v=1721865413 150w, https:\/\/periodicolarepublica.com\/wp-content\/uploads\/2024\/07\/IMG_20240724_195141-600x370.jpg?v=1721865413 600w, https:\/\/periodicolarepublica.com\/wp-content\/uploads\/2024\/07\/IMG_20240724_195141-696x429.jpg?v=1721865413 696w, https:\/\/periodicolarepublica.com\/wp-content\/uploads\/2024\/07\/IMG_20240724_195141-1068x662.jpg?v=1721865413 1068w, https:\/\/periodicolarepublica.com\/wp-content\/uploads\/2024\/07\/IMG_20240724_195141.jpg?v=1721865413 1073w\" sizes=\"auto, (max-width: 300px) 100vw, 300px\" \/><\/p>\n<p>Estructura y capacidades del centro<\/p>\n<p>Durante mi visita al nuevo centro, se pudo observar que las instalaciones han sido divididas en varias \u00e1reas espec\u00edficas. Este dise\u00f1o modular permite un tratamiento diferenciado para cada grupo de migrantes. En total, el centro cuenta con:<\/p>\n<p>Dos espacios destinados a extranjeros adultos: Este sector ha sido concebido para albergar a hombres y mujeres en condiciones dignas mientras se llevan a cabo los procesos correspondientes para determinar su situaci\u00f3n migratoria.<\/p>\n<p>Un espacio exclusivo para mujeres: Dada la necesidad de garantizar un entorno seguro y privado para las mujeres migrantes, se han establecido \u00e1reas espec\u00edficas que les brindan protecci\u00f3n y respeto a su privacidad.<\/p>\n<p>Un espacio para ni\u00f1os bajo el control del Consejo Nacional para la Ni\u00f1ez y la Adolescencia (CONANI): Aqu\u00ed, los menores de edad reciben atenci\u00f3n especializada, asegurando su bienestar y desarrollo emocional, mientras se eval\u00faa su situaci\u00f3n legal.<\/p>\n<p>Un \u00e1rea para dominicanos repatriados: Reconociendo que la repatriaci\u00f3n no solo afecta a los extranjeros, este espacio est\u00e1 destinado a ciudadanos dominicanos que fueron deportados y que requieren asistencia y orientaci\u00f3n para su reintegraci\u00f3n.<\/p>\n","protected":false},"excerpt":{"rendered":"<p>La Direcci\u00f3n General de Migraci\u00f3n de la Rep\u00fablica Dominicana ha inaugurado un nuevo centro de procesamiento de interdicci\u00f3n migratoria, dise\u00f1ado para abordar de manera m\u00e1s efectiva la situaci\u00f3n de los extranjeros en condici\u00f3n irregular en el pa\u00eds. Este moderno centro, que cuenta con instalaciones adecuadas para diferentes grupos de migrantes, representa un avance significativo en [&hellip;]<\/p>\n","protected":false},"author":1,"featured_media":1301,"comment_status":"open","ping_status":"open","sticky":false,"template":"","format":"standard","meta":{"om_disable_all_campaigns":false,"_monsterinsights_skip_tracking":false,"_monsterinsights_sitenote_active":false,"_monsterinsights_sitenote_note":"","_monsterinsights_sitenote_category":0,"footnotes":""},"categories":[1],"tags":[278],"class_list":{"0":"post-1300","1":"post","2":"type-post","3":"status-publish","4":"format-standard","5":"has-post-thumbnail","7":"category-nacionales","8":"tag-ely-encarnacion"},"aioseo_notices":[],"_links":{"self":[{"href":"https:\/\/periodicolarepublica.com\/index.php\/wp-json\/wp\/v2\/posts\/1300","targetHints":{"allow":["GET"]}}],"collection":[{"href":"https:\/\/periodicolarepublica.com\/index.php\/wp-json\/wp\/v2\/posts"}],"about":[{"href":"https:\/\/periodicolarepublica.com\/index.php\/wp-json\/wp\/v2\/types\/post"}],"author":[{"embeddable":true,"href":"https:\/\/periodicolarepublica.com\/index.php\/wp-json\/wp\/v2\/users\/1"}],"replies":[{"embeddable":true,"href":"https:\/\/periodicolarepublica.com\/index.php\/wp-json\/wp\/v2\/comments?post=1300"}],"version-history":[{"count":1,"href":"https:\/\/periodicolarepublica.com\/index.php\/wp-json\/wp\/v2\/posts\/1300\/revisions"}],"predecessor-version":[{"id":1302,"href":"https:\/\/periodicolarepublica.com\/index.php\/wp-json\/wp\/v2\/posts\/1300\/revisions\/1302"}],"wp:featuredmedia":[{"embeddable":true,"href":"https:\/\/periodicolarepublica.com\/index.php\/wp-json\/wp\/v2\/media\/1301"}],"wp:attachment":[{"href":"https:\/\/periodicolarepublica.com\/index.php\/wp-json\/wp\/v2\/media?parent=1300"}],"wp:term":[{"taxonomy":"category","embeddable":true,"href":"https:\/\/periodicolarepublica.com\/index.php\/wp-json\/wp\/v2\/categories?post=1300"},{"taxonomy":"post_tag","embeddable":true,"href":"https:\/\/periodicolarepublica.com\/index.php\/wp-json\/wp\/v2\/tags?post=1300"}],"curies":[{"name":"wp","href":"https:\/\/api.w.org\/{rel}","templated":true}]}}