{"id":1311,"date":"2024-07-29T13:24:18","date_gmt":"2024-07-29T11:24:18","guid":{"rendered":"https:\/\/periodicolarepublica.com\/?p=1311"},"modified":"2024-07-29T13:24:18","modified_gmt":"2024-07-29T11:24:18","slug":"tomas-hernandez-alberto-defiende-reforma-constitucional-y-fiscal-en-politiqueando-rd","status":"publish","type":"post","link":"https:\/\/periodicolarepublica.com\/index.php\/2024\/07\/29\/tomas-hernandez-alberto-defiende-reforma-constitucional-y-fiscal-en-politiqueando-rd\/","title":{"rendered":"Tom\u00e1s Hern\u00e1ndez Alberto defiende Reforma Constitucional y Fiscal en Politiqueando RD"},"content":{"rendered":"\r\n<p><img loading=\"lazy\" decoding=\"async\" class=\"size-medium wp-image-1340 alignright\" src=\"https:\/\/periodicolarepublica.com\/wp-content\/uploads\/2024\/07\/20240728_192741-300x170.jpg\" alt=\"\" width=\"300\" height=\"170\" srcset=\"https:\/\/periodicolarepublica.com\/wp-content\/uploads\/2024\/07\/20240728_192741-300x170.jpg?v=1722252240 300w, https:\/\/periodicolarepublica.com\/wp-content\/uploads\/2024\/07\/20240728_192741-150x85.jpg?v=1722252240 150w, https:\/\/periodicolarepublica.com\/wp-content\/uploads\/2024\/07\/20240728_192741-600x340.jpg?v=1722252240 600w, https:\/\/periodicolarepublica.com\/wp-content\/uploads\/2024\/07\/20240728_192741-696x394.jpg?v=1722252240 696w, https:\/\/periodicolarepublica.com\/wp-content\/uploads\/2024\/07\/20240728_192741.jpg?v=1722252240 720w\" sizes=\"auto, (max-width: 300px) 100vw, 300px\" \/>El Ing. Tom\u00e1s Hern\u00e1ndez Alberto, reconocido experto en temas econ\u00f3micos y pol\u00edticos, particip\u00f3 recientemente en el programa Politiqueando RD, conducido por Manolo Ozuna y Ana Bella Alberto. Durante la entrevista, Hern\u00e1ndez Alberto abord\u00f3 temas clave como la Reforma Constitucional y Fiscal, y valor\u00f3 el desempe\u00f1o del gobierno del presidente Luis Abinader.<br \/><br \/><br \/>\u00abLa Reforma Constitucional y Fiscal que se est\u00e1 impulsando es fundamental para el desarrollo sostenible de nuestro pa\u00eds\u00bb, afirm\u00f3 el Ing. Hern\u00e1ndez Alberto. \u00abEstos cambios permitir\u00e1n consolidar un marco jur\u00eddico moderno y eficiente que responda a las necesidades actuales de la Rep\u00fablica Dominicana\u00bb.<br \/><br \/><br \/>El entrevistado destac\u00f3 que los \u00faltimos cuatro a\u00f1os de gobierno del presidente Abinader han sido muy buenos para el pa\u00eds. \u00abEl presidente Abinader y su equipo han trabajado arduamente para impulsar una agenda de reformas y pol\u00edticas que han beneficiado directamente al pueblo dominicano\u00bb, se\u00f1al\u00f3.<br \/><br \/><br \/>Sin embargo, Hern\u00e1ndez Alberto manifest\u00f3 que los pr\u00f3ximos cuatro a\u00f1os ser\u00e1n a\u00fan mejores. \u00abEstoy convencido de que con la continuidad de este gobierno y la consolidaci\u00f3n de las reformas emprendidas, el futuro del pa\u00eds se vislumbra a\u00fan m\u00e1s prometedor\u00bb, afirm\u00f3.<br \/><br \/><br \/>El Ing. Tom\u00e1s Hern\u00e1ndez Alberto destac\u00f3 que la Reforma Constitucional y Fiscal permitir\u00e1 fortalecer la institucionalidad, mejorar la recaudaci\u00f3n tributaria y optimizar la gesti\u00f3n de los recursos p\u00fablicos. \u00abEstos cambios ser\u00e1n fundamentales para impulsar un desarrollo m\u00e1s equitativo y sustentable\u00bb, explic\u00f3.<br \/><br \/><br \/>Durante la entrevista, Hern\u00e1ndez Alberto tambi\u00e9n abord\u00f3 temas relacionados con la reactivaci\u00f3n econ\u00f3mica, la generaci\u00f3n de empleo y las iniciativas sociales impulsadas por el gobierno. \u00abEl presidente Abinader y su equipo han demostrado tener una visi\u00f3n clara y un compromiso inquebrantable con el bienestar de todos los dominicanos\u00bb, afirm\u00f3.<br \/><br \/><br \/>\u00abEstoy convencido de que con el liderazgo y la visi\u00f3n del presidente Abinader, los pr\u00f3ximos cuatro a\u00f1os ser\u00e1n a\u00fan m\u00e1s pr\u00f3speros y transformadores para la Rep\u00fablica Dominicana\u00bb, concluy\u00f3 el Ing. Tom\u00e1s Hern\u00e1ndez Alberto.<\/p>\r\n","protected":false},"excerpt":{"rendered":"<p>El Ing. Tom\u00e1s Hern\u00e1ndez Alberto, reconocido experto en temas econ\u00f3micos y pol\u00edticos, particip\u00f3 recientemente en el programa Politiqueando RD, conducido por Manolo Ozuna y Ana Bella Alberto. Durante la entrevista, Hern\u00e1ndez Alberto abord\u00f3 temas clave como la Reforma Constitucional y Fiscal, y valor\u00f3 el desempe\u00f1o del gobierno del presidente Luis Abinader. \u00abLa Reforma Constitucional y [&hellip;]<\/p>\n","protected":false},"author":6,"featured_media":1340,"comment_status":"open","ping_status":"open","sticky":false,"template":"","format":"standard","meta":{"om_disable_all_campaigns":false,"_monsterinsights_skip_tracking":false,"_monsterinsights_sitenote_active":false,"_monsterinsights_sitenote_note":"","_monsterinsights_sitenote_category":0,"footnotes":""},"categories":[1],"tags":[163],"class_list":{"0":"post-1311","1":"post","2":"type-post","3":"status-publish","4":"format-standard","5":"has-post-thumbnail","7":"category-nacionales","8":"tag-tomas-hernandez-alberto"},"aioseo_notices":[],"_links":{"self":[{"href":"https:\/\/periodicolarepublica.com\/index.php\/wp-json\/wp\/v2\/posts\/1311","targetHints":{"allow":["GET"]}}],"collection":[{"href":"https:\/\/periodicolarepublica.com\/index.php\/wp-json\/wp\/v2\/posts"}],"about":[{"href":"https:\/\/periodicolarepublica.com\/index.php\/wp-json\/wp\/v2\/types\/post"}],"author":[{"embeddable":true,"href":"https:\/\/periodicolarepublica.com\/index.php\/wp-json\/wp\/v2\/users\/6"}],"replies":[{"embeddable":true,"href":"https:\/\/periodicolarepublica.com\/index.php\/wp-json\/wp\/v2\/comments?post=1311"}],"version-history":[{"count":2,"href":"https:\/\/periodicolarepublica.com\/index.php\/wp-json\/wp\/v2\/posts\/1311\/revisions"}],"predecessor-version":[{"id":1341,"href":"https:\/\/periodicolarepublica.com\/index.php\/wp-json\/wp\/v2\/posts\/1311\/revisions\/1341"}],"wp:featuredmedia":[{"embeddable":true,"href":"https:\/\/periodicolarepublica.com\/index.php\/wp-json\/wp\/v2\/media\/1340"}],"wp:attachment":[{"href":"https:\/\/periodicolarepublica.com\/index.php\/wp-json\/wp\/v2\/media?parent=1311"}],"wp:term":[{"taxonomy":"category","embeddable":true,"href":"https:\/\/periodicolarepublica.com\/index.php\/wp-json\/wp\/v2\/categories?post=1311"},{"taxonomy":"post_tag","embeddable":true,"href":"https:\/\/periodicolarepublica.com\/index.php\/wp-json\/wp\/v2\/tags?post=1311"}],"curies":[{"name":"wp","href":"https:\/\/api.w.org\/{rel}","templated":true}]}}