{"id":1315,"date":"2024-07-26T18:15:45","date_gmt":"2024-07-26T16:15:45","guid":{"rendered":"https:\/\/periodicolarepublica.com\/?p=1315"},"modified":"2024-07-26T18:15:45","modified_gmt":"2024-07-26T16:15:45","slug":"almacenes-leon-celebra-35-anos-de-marcas-de-excelencia","status":"publish","type":"post","link":"https:\/\/periodicolarepublica.com\/index.php\/2024\/07\/26\/almacenes-leon-celebra-35-anos-de-marcas-de-excelencia\/","title":{"rendered":"Almacenes Le\u00f3n celebra 35 a\u00f1os de marcas de excelencia\u00a0"},"content":{"rendered":"<p>Santo Domingo. &#8211; Con la celebraci\u00f3n de un coctel entre aliados, amistades, socios y familiares, Almacenes Le\u00f3n, una empresa familiar con una s\u00f3lida trayectoria en la distribuci\u00f3n y representaci\u00f3n de marcas comestibles internacionales, celebr\u00f3 con orgullo su 35 aniversario.<\/p>\n<p><img loading=\"lazy\" decoding=\"async\" class=\"alignnone size-medium wp-image-1316\" src=\"https:\/\/periodicolarepublica.com\/wp-content\/uploads\/2024\/07\/IMG_20240726_121154-300x211.jpg\" alt=\"\" width=\"300\" height=\"211\" srcset=\"https:\/\/periodicolarepublica.com\/wp-content\/uploads\/2024\/07\/IMG_20240726_121154-300x211.jpg?v=1722010504 300w, https:\/\/periodicolarepublica.com\/wp-content\/uploads\/2024\/07\/IMG_20240726_121154-1024x722.jpg?v=1722010504 1024w, https:\/\/periodicolarepublica.com\/wp-content\/uploads\/2024\/07\/IMG_20240726_121154-768x541.jpg?v=1722010504 768w, https:\/\/periodicolarepublica.com\/wp-content\/uploads\/2024\/07\/IMG_20240726_121154-150x106.jpg?v=1722010504 150w, https:\/\/periodicolarepublica.com\/wp-content\/uploads\/2024\/07\/IMG_20240726_121154-600x423.jpg?v=1722010504 600w, https:\/\/periodicolarepublica.com\/wp-content\/uploads\/2024\/07\/IMG_20240726_121154-696x490.jpg?v=1722010504 696w, https:\/\/periodicolarepublica.com\/wp-content\/uploads\/2024\/07\/IMG_20240726_121154-1068x753.jpg?v=1722010504 1068w, https:\/\/periodicolarepublica.com\/wp-content\/uploads\/2024\/07\/IMG_20240726_121154-100x70.jpg?v=1722010504 100w, https:\/\/periodicolarepublica.com\/wp-content\/uploads\/2024\/07\/IMG_20240726_121154-200x140.jpg?v=1722010504 200w, https:\/\/periodicolarepublica.com\/wp-content\/uploads\/2024\/07\/IMG_20240726_121154.jpg?v=1722010504 1080w\" sizes=\"auto, (max-width: 300px) 100vw, 300px\" \/><\/p>\n<p>Fundada en 1989, la empresa dominicana ha crecido y evolucionado, consolid\u00e1ndose as\u00ed, como un referente en el sector alimentario y gan\u00e1ndose la confianza de consumidores y socios comerciales por igual.<\/p>\n<p>Desde sus inicios, Almacenes Le\u00f3n ha mantenido un compromiso inquebrantable con la calidad y la excelencia en el servicio. Gracias a una gesti\u00f3n basada en altos valores familiares y empresariales, la empresa ha sabido adaptarse a los cambios del mercado, siempre manteniendo su misi\u00f3n de llevar a los distintos hogares, productos de las mejores marcas internacionales.<\/p>\n<p>Actualmente, mantienen el compromiso, responsabilidad y dedicaci\u00f3n de llevar una diversidad de marcas emblem\u00e1ticas y emergentes que les permita agregar valor y disfrutar de sabores \u00fanicos a los consumidores dominicanos. Entre las marcas originarias de Estados Unidos que forman parte del cat\u00e1logo de representaci\u00f3n est\u00e1n: Butterball, Wesson, Hunt\u2019s, ActII, Peter Pan, La Choy, Anigie\u2019s Boom Chicka Pop, PAM, Chef Boyardee, Banquet, Swiss Miss, Snack Pack, Blue Bonnet, Earth Balance, Reddi Wip, Smart Balance, McCormick, Aviko, Eckrich, Pauly, Margherita, Organic Valley, Nature\u2019s Own, Dave Killer Bread, Pan Canyon. Y para el sector Institucional y de Food Service: Harina Amapola, Harina Integral BRAN y Harina Industrial Queen Quality, Manteca Wesson, marcas de Kimberly Clark como Kleenex y Scott (Papel Toalla, Papel Higi\u00e9nico, Servilletas y Jab\u00f3n). Adem\u00e1s, recientemente introdujimos en el mercado la marca irlandesa de mantequillas Kerrygold que viene a complementar nuestra oferta y es nuestra introducci\u00f3n en el mercado de las marcas europeas.<\/p>\n<p>Desiree Le\u00f3n, vicepresidenta ejecutiva de Almacenes Le\u00f3n, expres\u00f3 su gratitud hacia todos aquellos que han sido parte de la historia de la empresa. \u201cCelebrar 35 a\u00f1os es un logro significativo. Estamos agradecidos con nuestros empleados, clientes y socios por su continuo apoyo. Miramos hacia el futuro con optimismo, comprometidos en seguir brindando productos de alta calidad y en fortalecer nuestros lazos con la comunidad\u201d.<\/p>\n","protected":false},"excerpt":{"rendered":"<p>Santo Domingo. &#8211; Con la celebraci\u00f3n de un coctel entre aliados, amistades, socios y familiares, Almacenes Le\u00f3n, una empresa familiar con una s\u00f3lida trayectoria en la distribuci\u00f3n y representaci\u00f3n de marcas comestibles internacionales, celebr\u00f3 con orgullo su 35 aniversario. Fundada en 1989, la empresa dominicana ha crecido y evolucionado, consolid\u00e1ndose as\u00ed, como un referente en [&hellip;]<\/p>\n","protected":false},"author":6,"featured_media":1316,"comment_status":"open","ping_status":"open","sticky":false,"template":"","format":"standard","meta":{"om_disable_all_campaigns":false,"_monsterinsights_skip_tracking":false,"_monsterinsights_sitenote_active":false,"_monsterinsights_sitenote_note":"","_monsterinsights_sitenote_category":0,"footnotes":""},"categories":[165],"tags":[279],"class_list":{"0":"post-1315","1":"post","2":"type-post","3":"status-publish","4":"format-standard","5":"has-post-thumbnail","7":"category-sociales","8":"tag-www-almacenesleon-com"},"aioseo_notices":[],"_links":{"self":[{"href":"https:\/\/periodicolarepublica.com\/index.php\/wp-json\/wp\/v2\/posts\/1315","targetHints":{"allow":["GET"]}}],"collection":[{"href":"https:\/\/periodicolarepublica.com\/index.php\/wp-json\/wp\/v2\/posts"}],"about":[{"href":"https:\/\/periodicolarepublica.com\/index.php\/wp-json\/wp\/v2\/types\/post"}],"author":[{"embeddable":true,"href":"https:\/\/periodicolarepublica.com\/index.php\/wp-json\/wp\/v2\/users\/6"}],"replies":[{"embeddable":true,"href":"https:\/\/periodicolarepublica.com\/index.php\/wp-json\/wp\/v2\/comments?post=1315"}],"version-history":[{"count":1,"href":"https:\/\/periodicolarepublica.com\/index.php\/wp-json\/wp\/v2\/posts\/1315\/revisions"}],"predecessor-version":[{"id":1317,"href":"https:\/\/periodicolarepublica.com\/index.php\/wp-json\/wp\/v2\/posts\/1315\/revisions\/1317"}],"wp:featuredmedia":[{"embeddable":true,"href":"https:\/\/periodicolarepublica.com\/index.php\/wp-json\/wp\/v2\/media\/1316"}],"wp:attachment":[{"href":"https:\/\/periodicolarepublica.com\/index.php\/wp-json\/wp\/v2\/media?parent=1315"}],"wp:term":[{"taxonomy":"category","embeddable":true,"href":"https:\/\/periodicolarepublica.com\/index.php\/wp-json\/wp\/v2\/categories?post=1315"},{"taxonomy":"post_tag","embeddable":true,"href":"https:\/\/periodicolarepublica.com\/index.php\/wp-json\/wp\/v2\/tags?post=1315"}],"curies":[{"name":"wp","href":"https:\/\/api.w.org\/{rel}","templated":true}]}}