{"id":1323,"date":"2024-07-26T18:26:17","date_gmt":"2024-07-26T16:26:17","guid":{"rendered":"https:\/\/periodicolarepublica.com\/?p=1323"},"modified":"2024-07-26T18:26:17","modified_gmt":"2024-07-26T16:26:17","slug":"alcaldesa-carolina-mejia-escucha-a-comunitarios-de-san-miguel-y-lleva-soluciones","status":"publish","type":"post","link":"https:\/\/periodicolarepublica.com\/index.php\/2024\/07\/26\/alcaldesa-carolina-mejia-escucha-a-comunitarios-de-san-miguel-y-lleva-soluciones\/","title":{"rendered":"Alcaldesa Carolina Mej\u00eda escucha a comunitarios de San Miguel y lleva soluciones"},"content":{"rendered":"<p style=\"text-align: left;\">Santo Domingo, DN &#8211; Con una valoraci\u00f3n altamente positiva se manifestaron los moradores sobre la decisi\u00f3n de la alcaldesa Carolina Mej\u00eda de llevar este jueves el programa La Alcald\u00eda Llega a Ti al sector San Miguel.<\/p>\n<p><img loading=\"lazy\" decoding=\"async\" class=\"alignnone size-medium wp-image-1324\" src=\"https:\/\/periodicolarepublica.com\/wp-content\/uploads\/2024\/07\/IMG-20240726-WA0039-300x200.jpg\" alt=\"\" width=\"300\" height=\"200\" srcset=\"https:\/\/periodicolarepublica.com\/wp-content\/uploads\/2024\/07\/IMG-20240726-WA0039-300x200.jpg?v=1722011049 300w, https:\/\/periodicolarepublica.com\/wp-content\/uploads\/2024\/07\/IMG-20240726-WA0039-1024x682.jpg?v=1722011049 1024w, https:\/\/periodicolarepublica.com\/wp-content\/uploads\/2024\/07\/IMG-20240726-WA0039-768x512.jpg?v=1722011049 768w, https:\/\/periodicolarepublica.com\/wp-content\/uploads\/2024\/07\/IMG-20240726-WA0039-1536x1023.jpg?v=1722011049 1536w, https:\/\/periodicolarepublica.com\/wp-content\/uploads\/2024\/07\/IMG-20240726-WA0039-150x100.jpg?v=1722011049 150w, https:\/\/periodicolarepublica.com\/wp-content\/uploads\/2024\/07\/IMG-20240726-WA0039-600x400.jpg?v=1722011049 600w, https:\/\/periodicolarepublica.com\/wp-content\/uploads\/2024\/07\/IMG-20240726-WA0039-696x464.jpg?v=1722011049 696w, https:\/\/periodicolarepublica.com\/wp-content\/uploads\/2024\/07\/IMG-20240726-WA0039-1392x927.jpg?v=1722011049 1392w, https:\/\/periodicolarepublica.com\/wp-content\/uploads\/2024\/07\/IMG-20240726-WA0039-1068x712.jpg?v=1722011049 1068w, https:\/\/periodicolarepublica.com\/wp-content\/uploads\/2024\/07\/IMG-20240726-WA0039.jpg?v=1722011049 1600w\" sizes=\"auto, (max-width: 300px) 100vw, 300px\" \/><\/p>\n<p>Fue en ese escenario donde la ejecutiva municipal se hizo acompa\u00f1ar por diferentes directores y regidores para escuchar las peticiones de l\u00edderes comunitarios del sector y de zonas aleda\u00f1as.<\/p>\n<p>\u201cYa nosotros como comunitarios no tenemos que ir a la alcald\u00eda, porque la alcald\u00eda viene donde nosotros\u201d, dijo Carmen Bautista, en representaci\u00f3n de la junta de vecinos Buenos Aires del Mirador.<\/p>\n<p>Luego de escuchar las sugerencias de los lugare\u00f1os, Mej\u00eda pidi\u00f3 la colaboraci\u00f3n de los presentes limpiando los frentes de sus casas y negocios, ya que para que el bienestar encuentre lugar en nuestras vidas, debemos ordenar el espacio que nos rodea y tenerlo limpio.<\/p>\n<p>De igual forma, llam\u00f3 a cuidar desde el amor y la conciencia los espacios p\u00fablicos que les pertenecen a todos. \u201cTenemos que limpiar, ordenar, mejorar el entorno, eso es imprescindible\u201d, agreg\u00f3.<\/p>\n<p>Carolina Mej\u00eda solicit\u00f3 la ayuda de los residentes, tanto de San Miguel como de zonas cercanas, para que el Santo Domingo que queremos y merecemos, se convierta en realidad.<\/p>\n","protected":false},"excerpt":{"rendered":"<p>Santo Domingo, DN &#8211; Con una valoraci\u00f3n altamente positiva se manifestaron los moradores sobre la decisi\u00f3n de la alcaldesa Carolina Mej\u00eda de llevar este jueves el programa La Alcald\u00eda Llega a Ti al sector San Miguel. Fue en ese escenario donde la ejecutiva municipal se hizo acompa\u00f1ar por diferentes directores y regidores para escuchar las [&hellip;]<\/p>\n","protected":false},"author":6,"featured_media":1324,"comment_status":"open","ping_status":"open","sticky":false,"template":"","format":"standard","meta":{"om_disable_all_campaigns":false,"_monsterinsights_skip_tracking":false,"_monsterinsights_sitenote_active":false,"_monsterinsights_sitenote_note":"","_monsterinsights_sitenote_category":0,"footnotes":""},"categories":[1],"tags":[281,37,280],"class_list":{"0":"post-1323","1":"post","2":"type-post","3":"status-publish","4":"format-standard","5":"has-post-thumbnail","7":"category-nacionales","8":"tag-carolina-2028","9":"tag-carolina-mejia","10":"tag-carolinamejia-com"},"aioseo_notices":[],"_links":{"self":[{"href":"https:\/\/periodicolarepublica.com\/index.php\/wp-json\/wp\/v2\/posts\/1323","targetHints":{"allow":["GET"]}}],"collection":[{"href":"https:\/\/periodicolarepublica.com\/index.php\/wp-json\/wp\/v2\/posts"}],"about":[{"href":"https:\/\/periodicolarepublica.com\/index.php\/wp-json\/wp\/v2\/types\/post"}],"author":[{"embeddable":true,"href":"https:\/\/periodicolarepublica.com\/index.php\/wp-json\/wp\/v2\/users\/6"}],"replies":[{"embeddable":true,"href":"https:\/\/periodicolarepublica.com\/index.php\/wp-json\/wp\/v2\/comments?post=1323"}],"version-history":[{"count":1,"href":"https:\/\/periodicolarepublica.com\/index.php\/wp-json\/wp\/v2\/posts\/1323\/revisions"}],"predecessor-version":[{"id":1325,"href":"https:\/\/periodicolarepublica.com\/index.php\/wp-json\/wp\/v2\/posts\/1323\/revisions\/1325"}],"wp:featuredmedia":[{"embeddable":true,"href":"https:\/\/periodicolarepublica.com\/index.php\/wp-json\/wp\/v2\/media\/1324"}],"wp:attachment":[{"href":"https:\/\/periodicolarepublica.com\/index.php\/wp-json\/wp\/v2\/media?parent=1323"}],"wp:term":[{"taxonomy":"category","embeddable":true,"href":"https:\/\/periodicolarepublica.com\/index.php\/wp-json\/wp\/v2\/categories?post=1323"},{"taxonomy":"post_tag","embeddable":true,"href":"https:\/\/periodicolarepublica.com\/index.php\/wp-json\/wp\/v2\/tags?post=1323"}],"curies":[{"name":"wp","href":"https:\/\/api.w.org\/{rel}","templated":true}]}}