{"id":1327,"date":"2024-07-26T18:52:26","date_gmt":"2024-07-26T16:52:26","guid":{"rendered":"https:\/\/periodicolarepublica.com\/?p=1327"},"modified":"2024-07-26T18:55:18","modified_gmt":"2024-07-26T16:55:18","slug":"alcaldia-del-dn-recupera-1-4-kilometros-de-aceras-en-la-27-de-febrero-con-operativo","status":"publish","type":"post","link":"https:\/\/periodicolarepublica.com\/index.php\/2024\/07\/26\/alcaldia-del-dn-recupera-1-4-kilometros-de-aceras-en-la-27-de-febrero-con-operativo\/","title":{"rendered":"Alcald\u00eda del DN recupera 1.4 kil\u00f3metros de aceras en la 27 de Febrero con operativo"},"content":{"rendered":"<p>Defensor\u00eda y Uso de Espacios P\u00fablicos retir\u00f3 46 casetas de vendedores irregulares entre la Josefa Brea y la Hermanos Pinz\u00f3n<\/p>\n<p><img loading=\"lazy\" decoding=\"async\" class=\"alignnone size-medium wp-image-1331\" src=\"https:\/\/periodicolarepublica.com\/wp-content\/uploads\/2024\/07\/IMG-20240726-WA0041-300x200.jpg\" alt=\"\" width=\"300\" height=\"200\" srcset=\"https:\/\/periodicolarepublica.com\/wp-content\/uploads\/2024\/07\/IMG-20240726-WA0041-300x200.jpg?v=1722012911 300w, https:\/\/periodicolarepublica.com\/wp-content\/uploads\/2024\/07\/IMG-20240726-WA0041-768x512.jpg?v=1722012911 768w, https:\/\/periodicolarepublica.com\/wp-content\/uploads\/2024\/07\/IMG-20240726-WA0041-150x100.jpg?v=1722012911 150w, https:\/\/periodicolarepublica.com\/wp-content\/uploads\/2024\/07\/IMG-20240726-WA0041-600x400.jpg?v=1722012911 600w, https:\/\/periodicolarepublica.com\/wp-content\/uploads\/2024\/07\/IMG-20240726-WA0041-696x464.jpg?v=1722012911 696w, https:\/\/periodicolarepublica.com\/wp-content\/uploads\/2024\/07\/IMG-20240726-WA0041.jpg?v=1722012911 1000w\" sizes=\"auto, (max-width: 300px) 100vw, 300px\" \/><\/p>\n<p>Santo Domingo, DN \u2013 En un operativo de la Direcci\u00f3n de Defensor\u00eda y Uso de Espacios P\u00fablicos, la Alcald\u00eda del Distrito Nacional recuper\u00f3 1.4 kil\u00f3metros de aceras en la avenida 27 de Febrero.<\/p>\n<p>&nbsp;<\/p>\n<p>El operativo elimin\u00f3 46 casetas de buhoneros que vend\u00edan distintos productos de manera irregular en el espacio p\u00fablico comprendido entre las calles Josefa Brea y Hermanos Pinz\u00f3n.<\/p>\n<p>&nbsp;<\/p>\n<p>El esfuerzo, llevado a cabo bajo las \u00f3rdenes de Carolina Mej\u00eda, se inscribe dentro del compromiso asumido por la alcaldesa para mejorar la movilidad urbana en los distintos puntos de Santo Domingo.<\/p>\n<p>&nbsp;<\/p>\n<p>El director de Espacios P\u00fablicos, teniente coronel Jos\u00e9 An\u00edbal Sanz, se\u00f1al\u00f3 este tipo de operativos seguir\u00e1n llev\u00e1ndose a cabo para devolver a los ciudadanos de la capital todos los lugares p\u00fablicos que han sido ocupados irregularmente.<\/p>\n<p>&nbsp;<\/p>\n<p>La recuperaci\u00f3n recibi\u00f3 el apoyo de distintas asociaciones de buhoneros del entorno, quienes instaron a todos los vendedores a regularizarse.<\/p>\n<p>Como resultado de esta iniciativa, se garantiza mayor acceso a un espacio seguro y ordenado para todos los transe\u00fantes que por all\u00ed se desplacen.<\/p>\n","protected":false},"excerpt":{"rendered":"<p>Defensor\u00eda y Uso de Espacios P\u00fablicos retir\u00f3 46 casetas de vendedores irregulares entre la Josefa Brea y la Hermanos Pinz\u00f3n Santo Domingo, DN \u2013 En un operativo de la Direcci\u00f3n de Defensor\u00eda y Uso de Espacios P\u00fablicos, la Alcald\u00eda del Distrito Nacional recuper\u00f3 1.4 kil\u00f3metros de aceras en la avenida 27 de Febrero. &nbsp; El [&hellip;]<\/p>\n","protected":false},"author":6,"featured_media":1328,"comment_status":"open","ping_status":"open","sticky":false,"template":"","format":"standard","meta":{"om_disable_all_campaigns":false,"_monsterinsights_skip_tracking":false,"_monsterinsights_sitenote_active":false,"_monsterinsights_sitenote_note":"","_monsterinsights_sitenote_category":0,"footnotes":""},"categories":[1],"tags":[],"class_list":{"0":"post-1327","1":"post","2":"type-post","3":"status-publish","4":"format-standard","5":"has-post-thumbnail","7":"category-nacionales"},"aioseo_notices":[],"_links":{"self":[{"href":"https:\/\/periodicolarepublica.com\/index.php\/wp-json\/wp\/v2\/posts\/1327","targetHints":{"allow":["GET"]}}],"collection":[{"href":"https:\/\/periodicolarepublica.com\/index.php\/wp-json\/wp\/v2\/posts"}],"about":[{"href":"https:\/\/periodicolarepublica.com\/index.php\/wp-json\/wp\/v2\/types\/post"}],"author":[{"embeddable":true,"href":"https:\/\/periodicolarepublica.com\/index.php\/wp-json\/wp\/v2\/users\/6"}],"replies":[{"embeddable":true,"href":"https:\/\/periodicolarepublica.com\/index.php\/wp-json\/wp\/v2\/comments?post=1327"}],"version-history":[{"count":3,"href":"https:\/\/periodicolarepublica.com\/index.php\/wp-json\/wp\/v2\/posts\/1327\/revisions"}],"predecessor-version":[{"id":1332,"href":"https:\/\/periodicolarepublica.com\/index.php\/wp-json\/wp\/v2\/posts\/1327\/revisions\/1332"}],"wp:featuredmedia":[{"embeddable":true,"href":"https:\/\/periodicolarepublica.com\/index.php\/wp-json\/wp\/v2\/media\/1328"}],"wp:attachment":[{"href":"https:\/\/periodicolarepublica.com\/index.php\/wp-json\/wp\/v2\/media?parent=1327"}],"wp:term":[{"taxonomy":"category","embeddable":true,"href":"https:\/\/periodicolarepublica.com\/index.php\/wp-json\/wp\/v2\/categories?post=1327"},{"taxonomy":"post_tag","embeddable":true,"href":"https:\/\/periodicolarepublica.com\/index.php\/wp-json\/wp\/v2\/tags?post=1327"}],"curies":[{"name":"wp","href":"https:\/\/api.w.org\/{rel}","templated":true}]}}