{"id":1334,"date":"2024-07-26T18:59:28","date_gmt":"2024-07-26T16:59:28","guid":{"rendered":"https:\/\/periodicolarepublica.com\/?p=1334"},"modified":"2024-07-26T18:59:28","modified_gmt":"2024-07-26T16:59:28","slug":"alcaldia-de-sde-y-pro-consumidor-firman-convenio-para-proteger-derechos-de-los-consumidores","status":"publish","type":"post","link":"https:\/\/periodicolarepublica.com\/index.php\/2024\/07\/26\/alcaldia-de-sde-y-pro-consumidor-firman-convenio-para-proteger-derechos-de-los-consumidores\/","title":{"rendered":"Alcald\u00eda de SDE y Pro Consumidor Firman convenio para proteger derechos de los consumidores"},"content":{"rendered":"<p>Santo Domingo Este.- La alcald\u00eda de Santo Domingo Este y el Instituto de Protecci\u00f3n de los Derechos del Consumidor (Pro Consumidor), firmaron un acuerdo en el que ambas entidades se comprometen a proteger los derechos de los consumidores del municipio.<\/p>\n<p><img loading=\"lazy\" decoding=\"async\" class=\"alignnone size-medium wp-image-1335\" src=\"https:\/\/periodicolarepublica.com\/wp-content\/uploads\/2024\/07\/IMG-20240726-WA0043-300x240.jpg\" alt=\"\" width=\"300\" height=\"240\" srcset=\"https:\/\/periodicolarepublica.com\/wp-content\/uploads\/2024\/07\/IMG-20240726-WA0043-300x240.jpg?v=1722013145 300w, https:\/\/periodicolarepublica.com\/wp-content\/uploads\/2024\/07\/IMG-20240726-WA0043-1024x819.jpg?v=1722013145 1024w, https:\/\/periodicolarepublica.com\/wp-content\/uploads\/2024\/07\/IMG-20240726-WA0043-768x614.jpg?v=1722013145 768w, https:\/\/periodicolarepublica.com\/wp-content\/uploads\/2024\/07\/IMG-20240726-WA0043-1536x1228.jpg?v=1722013145 1536w, https:\/\/periodicolarepublica.com\/wp-content\/uploads\/2024\/07\/IMG-20240726-WA0043-2048x1638.jpg?v=1722013145 2048w, https:\/\/periodicolarepublica.com\/wp-content\/uploads\/2024\/07\/IMG-20240726-WA0043-150x120.jpg?v=1722013145 150w, https:\/\/periodicolarepublica.com\/wp-content\/uploads\/2024\/07\/IMG-20240726-WA0043-600x480.jpg?v=1722013145 600w, https:\/\/periodicolarepublica.com\/wp-content\/uploads\/2024\/07\/IMG-20240726-WA0043-696x557.jpg?v=1722013145 696w, https:\/\/periodicolarepublica.com\/wp-content\/uploads\/2024\/07\/IMG-20240726-WA0043-1392x1113.jpg?v=1722013145 1392w, https:\/\/periodicolarepublica.com\/wp-content\/uploads\/2024\/07\/IMG-20240726-WA0043-1068x854.jpg?v=1722013145 1068w, https:\/\/periodicolarepublica.com\/wp-content\/uploads\/2024\/07\/IMG-20240726-WA0043-1920x1535.jpg?v=1722013145 1920w\" sizes=\"auto, (max-width: 300px) 100vw, 300px\" \/><\/p>\n<p>El convenio establece una serie de iniciativas conjuntas para fortalecer la vigilancia y el control sobre las pr\u00e1cticas comerciales en Santo Domingo Este. Entre las medidas se incluye la implementaci\u00f3n de campa\u00f1as de sensibilizaci\u00f3n para educar a los consumidores sobre sus derechos, as\u00ed como la promoci\u00f3n de la transparencia en las transacciones comerciales. Tambi\u00e9n busca facilitar el acceso a mecanismos de soluci\u00f3n de conflictos entre consumidores y comerciantes.<\/p>\n<p>El alcalde de D\u00edo Astacio, resalt\u00f3 que la iniciativa permitir\u00e1 a los consumidores de Santo Domingo Este adquirir sus alimentos en establecimientos comerciales que exhiban condiciones impecables de salubridad.<\/p>\n<p>Reconoci\u00f3 que \u201cunir los esfuerzos de la alcald\u00eda Santo Domingo Este, en pos de establecer un mejor orden y una mejor protecci\u00f3n para los usuarios y consumidores del municipio es una gran cosa. Cuando queremos trascender necesitamos hacer alianzas estrat\u00e9gicas as\u00ed que esta alianza estrat\u00e9gica nos llevar\u00e1 m\u00e1s lejos\u201d. Dijo Astacio.<\/p>\n","protected":false},"excerpt":{"rendered":"<p>Santo Domingo Este.- La alcald\u00eda de Santo Domingo Este y el Instituto de Protecci\u00f3n de los Derechos del Consumidor (Pro Consumidor), firmaron un acuerdo en el que ambas entidades se comprometen a proteger los derechos de los consumidores del municipio. El convenio establece una serie de iniciativas conjuntas para fortalecer la vigilancia y el control [&hellip;]<\/p>\n","protected":false},"author":6,"featured_media":1335,"comment_status":"open","ping_status":"open","sticky":false,"template":"","format":"standard","meta":{"om_disable_all_campaigns":false,"_monsterinsights_skip_tracking":false,"_monsterinsights_sitenote_active":false,"_monsterinsights_sitenote_note":"","_monsterinsights_sitenote_category":0,"footnotes":""},"categories":[1],"tags":[],"class_list":{"0":"post-1334","1":"post","2":"type-post","3":"status-publish","4":"format-standard","5":"has-post-thumbnail","7":"category-nacionales"},"aioseo_notices":[],"_links":{"self":[{"href":"https:\/\/periodicolarepublica.com\/index.php\/wp-json\/wp\/v2\/posts\/1334","targetHints":{"allow":["GET"]}}],"collection":[{"href":"https:\/\/periodicolarepublica.com\/index.php\/wp-json\/wp\/v2\/posts"}],"about":[{"href":"https:\/\/periodicolarepublica.com\/index.php\/wp-json\/wp\/v2\/types\/post"}],"author":[{"embeddable":true,"href":"https:\/\/periodicolarepublica.com\/index.php\/wp-json\/wp\/v2\/users\/6"}],"replies":[{"embeddable":true,"href":"https:\/\/periodicolarepublica.com\/index.php\/wp-json\/wp\/v2\/comments?post=1334"}],"version-history":[{"count":1,"href":"https:\/\/periodicolarepublica.com\/index.php\/wp-json\/wp\/v2\/posts\/1334\/revisions"}],"predecessor-version":[{"id":1336,"href":"https:\/\/periodicolarepublica.com\/index.php\/wp-json\/wp\/v2\/posts\/1334\/revisions\/1336"}],"wp:featuredmedia":[{"embeddable":true,"href":"https:\/\/periodicolarepublica.com\/index.php\/wp-json\/wp\/v2\/media\/1335"}],"wp:attachment":[{"href":"https:\/\/periodicolarepublica.com\/index.php\/wp-json\/wp\/v2\/media?parent=1334"}],"wp:term":[{"taxonomy":"category","embeddable":true,"href":"https:\/\/periodicolarepublica.com\/index.php\/wp-json\/wp\/v2\/categories?post=1334"},{"taxonomy":"post_tag","embeddable":true,"href":"https:\/\/periodicolarepublica.com\/index.php\/wp-json\/wp\/v2\/tags?post=1334"}],"curies":[{"name":"wp","href":"https:\/\/api.w.org\/{rel}","templated":true}]}}