{"id":1339,"date":"2024-07-29T18:19:40","date_gmt":"2024-07-29T16:19:40","guid":{"rendered":"https:\/\/periodicolarepublica.com\/?p=1339"},"modified":"2024-07-29T18:19:40","modified_gmt":"2024-07-29T16:19:40","slug":"ministerio-de-salud-y-primera-dama-anuncian-ampliacion-de-horario-del-centro-de-contacto-cuida-tu-salud-mental","status":"publish","type":"post","link":"https:\/\/periodicolarepublica.com\/index.php\/2024\/07\/29\/ministerio-de-salud-y-primera-dama-anuncian-ampliacion-de-horario-del-centro-de-contacto-cuida-tu-salud-mental\/","title":{"rendered":"Ministerio de Salud y primera dama anuncian ampliaci\u00f3n de horario del Centro de Contacto \u00abCuida tu Salud Mental\u00bb"},"content":{"rendered":"\r\n<p><img loading=\"lazy\" decoding=\"async\" class=\"size-medium wp-image-1344 alignright\" src=\"https:\/\/periodicolarepublica.com\/wp-content\/uploads\/2024\/07\/IMG-20240729-WA0040-300x200.jpg\" alt=\"\" width=\"300\" height=\"200\" srcset=\"https:\/\/periodicolarepublica.com\/wp-content\/uploads\/2024\/07\/IMG-20240729-WA0040-300x200.jpg?v=1722269952 300w, https:\/\/periodicolarepublica.com\/wp-content\/uploads\/2024\/07\/IMG-20240729-WA0040-1024x682.jpg?v=1722269952 1024w, https:\/\/periodicolarepublica.com\/wp-content\/uploads\/2024\/07\/IMG-20240729-WA0040-768x512.jpg?v=1722269952 768w, https:\/\/periodicolarepublica.com\/wp-content\/uploads\/2024\/07\/IMG-20240729-WA0040-1536x1023.jpg?v=1722269952 1536w, https:\/\/periodicolarepublica.com\/wp-content\/uploads\/2024\/07\/IMG-20240729-WA0040-150x100.jpg?v=1722269952 150w, https:\/\/periodicolarepublica.com\/wp-content\/uploads\/2024\/07\/IMG-20240729-WA0040-600x400.jpg?v=1722269952 600w, https:\/\/periodicolarepublica.com\/wp-content\/uploads\/2024\/07\/IMG-20240729-WA0040-696x464.jpg?v=1722269952 696w, https:\/\/periodicolarepublica.com\/wp-content\/uploads\/2024\/07\/IMG-20240729-WA0040-1392x927.jpg?v=1722269952 1392w, https:\/\/periodicolarepublica.com\/wp-content\/uploads\/2024\/07\/IMG-20240729-WA0040-1068x712.jpg?v=1722269952 1068w, https:\/\/periodicolarepublica.com\/wp-content\/uploads\/2024\/07\/IMG-20240729-WA0040.jpg?v=1722269952 1600w\" sizes=\"auto, (max-width: 300px) 100vw, 300px\" \/>A partir del primero de septiembre, los especialistas estar\u00e1n disponibles de 8 de la ma\u00f1ana a 12 de la madrugada, de lunes a domingo<br \/><br \/>Santo Domingo, D.N. &#8211; Comprometido con la optimizaci\u00f3n de los servicios de salud mental, con el prop\u00f3sito de mejorar la calidad de vida de la gente, el ministro de Salud, V\u00edctor Atallah, en coordinaci\u00f3n con la primera dama, Raquel Arbaje, anunci\u00f3 la ampliaci\u00f3n el horario del Centro de Contacto \u00abCuida tu Salud Mental\u00bb. <br \/><br \/>A partir del primero de septiembre, se extender\u00e1 el horario de atenci\u00f3n de 8 de la ma\u00f1ana a 12 de la medianoche, incluyendo los fines de semana, para brindar un mayor apoyo a quienes lo necesitan.<br \/><br \/>Para respaldar esta extensi\u00f3n de horario, se incrementar\u00e1 el personal de salud, a fin de garantizar la disponibilidad de m\u00e1s profesionales para ofrecer asesoramiento y apoyo psicol\u00f3gico. <br \/><br \/>La ampliaci\u00f3n del horario del centro de contacto \u00abCuida tu Salud Mental\u00bb es una iniciativa para mejorar el acceso a los servicios de salud mental en el pa\u00eds.<br \/><br \/>El centro de contacto cuenta con un n\u00famero \u00fanico, 809-200-1400, por el que las personas pueden acceder a consultas con especialistas en salud conductual capacitados. <br \/><br \/>Este servicio est\u00e1 dise\u00f1ado para ofrecer apoyo profesional y orientaci\u00f3n a todas las personas que as\u00ed lo requieran.<br \/><br \/>El ministro Atallah, \u00abreafirm\u00f3 su compromiso con la transformaci\u00f3n de los servicios de salud mental\u00bb durante una visita que realiz\u00f3 al Centro de Rehabilitaci\u00f3n Psicosocial Padre Billini. Tambi\u00e9n sostuvo reuniones con la Sociedad de Psiquiatr\u00eda y Colegio Dominicano de Psic\u00f3logos.<br \/><br \/><br \/><br \/><br \/><br \/><br \/><br \/>Acciones para mejorar los servicios de salud mental<br \/><br \/>El Ministerio de Salud est\u00e1 implementando acciones para mejorar los servicios de salud mental en el pa\u00eds. Estas incluyen la actualizaci\u00f3n y elaboraci\u00f3n de protocolos espec\u00edficos para el manejo de trastornos depresivos en adultos, el consumo de sustancias psicoactivas en ni\u00f1os, ni\u00f1as y adolescentes, y el tratamiento de trastornos del espectro autista (TEA) en menores. <br \/><br \/>La revisi\u00f3n de estos protocolos est\u00e1 a cargo de mesas t\u00e9cnicas conformadas por diversas instituciones y especialistas.<br \/><br \/>Adem\u00e1s, se trabaja en la actualizaci\u00f3n del Plan Nacional de Salud Mental y la Ley de Salud Mental 12-06, con el apoyo de la Organizaci\u00f3n Panamericana de la Salud (OPS) y otras instituciones, esto, para asegurar que las pol\u00edticas y normativas en salud mental est\u00e9n alineadas con las mejores pr\u00e1cticas internacionales y las necesidades espec\u00edficas de los dominicanos.<br \/><br \/>Para abordar el suicidio, se est\u00e1n elaborando lineamientos estrat\u00e9gicos para su prevenci\u00f3n desde las unidades desconcentradas de la rector\u00eda, incluyendo direcciones provinciales, municipales y de \u00e1reas de salud. Estos lineamientos est\u00e1n siendo revisados por mesas t\u00e9cnicas y consultor\u00edas especializadas, con el objetivo de implementar acciones efectivas en ese sentido. <br \/><br \/>El Ministerio de Salud se encuentra en la elaboraci\u00f3n de un bolet\u00edn de salud mental y un estudio de caracterizaci\u00f3n de personas sin hogar, con el fin de proporcionar informaci\u00f3n actualizada y relevante para la toma de decisiones y la implementaci\u00f3n de estrategias de intervenci\u00f3n adecuadas.<\/p>\r\n","protected":false},"excerpt":{"rendered":"<p>A partir del primero de septiembre, los especialistas estar\u00e1n disponibles de 8 de la ma\u00f1ana a 12 de la madrugada, de lunes a domingo Santo Domingo, D.N. &#8211; Comprometido con la optimizaci\u00f3n de los servicios de salud mental, con el prop\u00f3sito de mejorar la calidad de vida de la gente, el ministro de Salud, V\u00edctor [&hellip;]<\/p>\n","protected":false},"author":6,"featured_media":1344,"comment_status":"open","ping_status":"open","sticky":false,"template":"","format":"standard","meta":{"om_disable_all_campaigns":false,"_monsterinsights_skip_tracking":false,"_monsterinsights_sitenote_active":false,"_monsterinsights_sitenote_note":"","_monsterinsights_sitenote_category":0,"footnotes":""},"categories":[1],"tags":[159,220],"class_list":{"0":"post-1339","1":"post","2":"type-post","3":"status-publish","4":"format-standard","5":"has-post-thumbnail","7":"category-nacionales","8":"tag-ministro-de-salud-publica-victor-atallah","9":"tag-raquel-arbaje"},"aioseo_notices":[],"_links":{"self":[{"href":"https:\/\/periodicolarepublica.com\/index.php\/wp-json\/wp\/v2\/posts\/1339","targetHints":{"allow":["GET"]}}],"collection":[{"href":"https:\/\/periodicolarepublica.com\/index.php\/wp-json\/wp\/v2\/posts"}],"about":[{"href":"https:\/\/periodicolarepublica.com\/index.php\/wp-json\/wp\/v2\/types\/post"}],"author":[{"embeddable":true,"href":"https:\/\/periodicolarepublica.com\/index.php\/wp-json\/wp\/v2\/users\/6"}],"replies":[{"embeddable":true,"href":"https:\/\/periodicolarepublica.com\/index.php\/wp-json\/wp\/v2\/comments?post=1339"}],"version-history":[{"count":2,"href":"https:\/\/periodicolarepublica.com\/index.php\/wp-json\/wp\/v2\/posts\/1339\/revisions"}],"predecessor-version":[{"id":1345,"href":"https:\/\/periodicolarepublica.com\/index.php\/wp-json\/wp\/v2\/posts\/1339\/revisions\/1345"}],"wp:featuredmedia":[{"embeddable":true,"href":"https:\/\/periodicolarepublica.com\/index.php\/wp-json\/wp\/v2\/media\/1344"}],"wp:attachment":[{"href":"https:\/\/periodicolarepublica.com\/index.php\/wp-json\/wp\/v2\/media?parent=1339"}],"wp:term":[{"taxonomy":"category","embeddable":true,"href":"https:\/\/periodicolarepublica.com\/index.php\/wp-json\/wp\/v2\/categories?post=1339"},{"taxonomy":"post_tag","embeddable":true,"href":"https:\/\/periodicolarepublica.com\/index.php\/wp-json\/wp\/v2\/tags?post=1339"}],"curies":[{"name":"wp","href":"https:\/\/api.w.org\/{rel}","templated":true}]}}