{"id":1343,"date":"2024-07-29T21:47:22","date_gmt":"2024-07-29T19:47:22","guid":{"rendered":"https:\/\/periodicolarepublica.com\/?p=1343"},"modified":"2024-07-29T23:02:23","modified_gmt":"2024-07-29T21:02:23","slug":"premios-oriente-reconoce-a-jhonatan-de-mota-brea-como-joven-politico-del-ano-2023-2024","status":"publish","type":"post","link":"https:\/\/periodicolarepublica.com\/index.php\/2024\/07\/29\/premios-oriente-reconoce-a-jhonatan-de-mota-brea-como-joven-politico-del-ano-2023-2024\/","title":{"rendered":"Premios Oriente Reconoce a Jhonatan de Mota Brea como Joven Pol\u00edtico del A\u00f1o 2023-2024"},"content":{"rendered":"\r\n<ul>\r\n<li><img loading=\"lazy\" decoding=\"async\" class=\"size-medium wp-image-1354 aligncenter\" src=\"https:\/\/periodicolarepublica.com\/wp-content\/uploads\/2024\/07\/20240729_155416-276x300.jpg\" alt=\"\" width=\"276\" height=\"300\" srcset=\"https:\/\/periodicolarepublica.com\/wp-content\/uploads\/2024\/07\/20240729_155416-276x300.jpg?v=1722282912 276w, https:\/\/periodicolarepublica.com\/wp-content\/uploads\/2024\/07\/20240729_155416-150x163.jpg?v=1722282912 150w, https:\/\/periodicolarepublica.com\/wp-content\/uploads\/2024\/07\/20240729_155416-300x326.jpg?v=1722282912 300w, https:\/\/periodicolarepublica.com\/wp-content\/uploads\/2024\/07\/20240729_155416-600x652.jpg?v=1722282912 600w, https:\/\/periodicolarepublica.com\/wp-content\/uploads\/2024\/07\/20240729_155416.jpg?v=1722282912 692w\" sizes=\"auto, (max-width: 276px) 100vw, 276px\" \/><\/li>\r\n<\/ul>\r\n<p><br \/>Bayahibe, Rep\u00fablica Dominicana, 29 de julio de 2024 &#8211; PREMIOS Oriente, la vig\u00e9sima novena entrega anual de este prestigioso reconocimiento, se complace en honrar a Jhonatan de Mota Brea como el Joven Pol\u00edtico del A\u00f1o 2023-2024. <br \/><br \/>Este galard\u00f3n celebra y destaca a los j\u00f3venes l\u00edderes dominicanos que se han distinguido por su trayectoria intachable, su esp\u00edritu emprendedor y su compromiso con servir a su comunidad. Jhonatan de Mota Brea ha demostrado ser un ejemplo a seguir para la juventud del pa\u00eds. <br \/><br \/>\u00abEs un honor y un privilegio poder reconocer el trabajo excepcional de Jhonatan de Mota Brea\u00bb, expres\u00f3 el presidente de PREMIOS Oriente, JC\u00a0 Mart\u00ednez. \u00abSu dedicaci\u00f3n, integridad y visi\u00f3n lo convierten en un modelo inspirador para los j\u00f3venes pol\u00edticos de Rep\u00fablica Dominicana\u00bb. <br \/><br \/>Jhonatan de Mota Brea, ha destacado por su liderazgo, su capacidad de gesti\u00f3n y su compromiso con el desarrollo de su pa\u00eds. A trav\u00e9s de su trabajo en el \u00e1mbito pol\u00edtico, ha logrado impulsar iniciativas que han beneficiado directamente a diversos sectores de la sociedad dominicana. <br \/><br \/>Con este reconocimiento, PREMIOS Oriente reitera su compromiso de honrar y visibilizar a los j\u00f3venes que est\u00e1n marcando la diferencia en la esfera pol\u00edtica de Rep\u00fablica Dominicana.<!--\/data\/user\/0\/com.samsung.android.app.notes\/files\/clipdata\/clipdata_bodytext_240729_170008_272.sdocx--><\/p>\r\n","protected":false},"excerpt":{"rendered":"<p>Bayahibe, Rep\u00fablica Dominicana, 29 de julio de 2024 &#8211; PREMIOS Oriente, la vig\u00e9sima novena entrega anual de este prestigioso reconocimiento, se complace en honrar a Jhonatan de Mota Brea como el Joven Pol\u00edtico del A\u00f1o 2023-2024. Este galard\u00f3n celebra y destaca a los j\u00f3venes l\u00edderes dominicanos que se han distinguido por su trayectoria intachable, su [&hellip;]<\/p>\n","protected":false},"author":6,"featured_media":1348,"comment_status":"open","ping_status":"open","sticky":false,"template":"","format":"standard","meta":{"om_disable_all_campaigns":false,"_monsterinsights_skip_tracking":false,"_monsterinsights_sitenote_active":false,"_monsterinsights_sitenote_note":"","_monsterinsights_sitenote_category":0,"footnotes":""},"categories":[1],"tags":[282],"class_list":{"0":"post-1343","1":"post","2":"type-post","3":"status-publish","4":"format-standard","5":"has-post-thumbnail","7":"category-nacionales","8":"tag-jhonatan-de-mota-brea"},"aioseo_notices":[],"_links":{"self":[{"href":"https:\/\/periodicolarepublica.com\/index.php\/wp-json\/wp\/v2\/posts\/1343","targetHints":{"allow":["GET"]}}],"collection":[{"href":"https:\/\/periodicolarepublica.com\/index.php\/wp-json\/wp\/v2\/posts"}],"about":[{"href":"https:\/\/periodicolarepublica.com\/index.php\/wp-json\/wp\/v2\/types\/post"}],"author":[{"embeddable":true,"href":"https:\/\/periodicolarepublica.com\/index.php\/wp-json\/wp\/v2\/users\/6"}],"replies":[{"embeddable":true,"href":"https:\/\/periodicolarepublica.com\/index.php\/wp-json\/wp\/v2\/comments?post=1343"}],"version-history":[{"count":9,"href":"https:\/\/periodicolarepublica.com\/index.php\/wp-json\/wp\/v2\/posts\/1343\/revisions"}],"predecessor-version":[{"id":1359,"href":"https:\/\/periodicolarepublica.com\/index.php\/wp-json\/wp\/v2\/posts\/1343\/revisions\/1359"}],"wp:featuredmedia":[{"embeddable":true,"href":"https:\/\/periodicolarepublica.com\/index.php\/wp-json\/wp\/v2\/media\/1348"}],"wp:attachment":[{"href":"https:\/\/periodicolarepublica.com\/index.php\/wp-json\/wp\/v2\/media?parent=1343"}],"wp:term":[{"taxonomy":"category","embeddable":true,"href":"https:\/\/periodicolarepublica.com\/index.php\/wp-json\/wp\/v2\/categories?post=1343"},{"taxonomy":"post_tag","embeddable":true,"href":"https:\/\/periodicolarepublica.com\/index.php\/wp-json\/wp\/v2\/tags?post=1343"}],"curies":[{"name":"wp","href":"https:\/\/api.w.org\/{rel}","templated":true}]}}