{"id":1365,"date":"2024-07-31T22:57:06","date_gmt":"2024-07-31T20:57:06","guid":{"rendered":"https:\/\/periodicolarepublica.com\/?p=1365"},"modified":"2024-07-31T22:57:06","modified_gmt":"2024-07-31T20:57:06","slug":"ministro-de-salud-busca-convertir-al-mispas-en-modelo-de-salud-y-bienestar-en-el-trabajo","status":"publish","type":"post","link":"https:\/\/periodicolarepublica.com\/index.php\/2024\/07\/31\/ministro-de-salud-busca-convertir-al-mispas-en-modelo-de-salud-y-bienestar-en-el-trabajo\/","title":{"rendered":"Ministro de Salud busca convertir al MISPAS en \u201cmodelo de salud y bienestar en el trabajo\u201d"},"content":{"rendered":"\r\n<p><img loading=\"lazy\" decoding=\"async\" class=\"size-medium wp-image-1374 alignright\" src=\"https:\/\/periodicolarepublica.com\/wp-content\/uploads\/2024\/07\/20240731_165443-287x300.jpg\" alt=\"\" width=\"287\" height=\"300\" srcset=\"https:\/\/periodicolarepublica.com\/wp-content\/uploads\/2024\/07\/20240731_165443-287x300.jpg?v=1722459376 287w, https:\/\/periodicolarepublica.com\/wp-content\/uploads\/2024\/07\/20240731_165443-150x157.jpg?v=1722459376 150w, https:\/\/periodicolarepublica.com\/wp-content\/uploads\/2024\/07\/20240731_165443-300x314.jpg?v=1722459376 300w, https:\/\/periodicolarepublica.com\/wp-content\/uploads\/2024\/07\/20240731_165443.jpg?v=1722459376 568w\" sizes=\"auto, (max-width: 287px) 100vw, 287px\" \/> La entidad dio a conocer la campa\u00f1a \u201cPromoci\u00f3n de la Salud en el Trabajo\u201d con miras a promover estilos de vida saludable.<br \/><br \/>Santo Domingo. El Ministro de Salud V\u00edctor Atallah resalt\u00f3 la importancia de generar cambios en el estilo de vida en los colaboradores, por lo que busca convertir al MISPAS en \u201cmodelo de salud y bienestar en el trabajo\u201d tras considerar que es el entorno donde las personas pasan gran parte del tiempo, lo que genera un impacto en la salud f\u00edsica y mental.<br \/><br \/>El Ministerio de Salud, a trav\u00e9s de la Direcci\u00f3n de Apoyo a la Promoci\u00f3n y Educaci\u00f3n en Salud (DAPES) y el apoyo del Instituto de Nutrici\u00f3n de Centro Am\u00e9rica y Panam\u00e1 (INCAP), dio a conocer la campa\u00f1a de \u201cPromoci\u00f3n de la Salud en el Trabajo\u201d la cual ha sido calificada como una \u201crevoluci\u00f3n del bienestar\u00bb por parte del titular de Salud.<br \/><br \/>\u201cVivimos en un mundo de r\u00e1pidas demandas laborales y presiones diarias que pueden afectar nuestra salud y bienestar. En el MISPAS creemos fundamentalmente en fomentar h\u00e1bitos de vida saludable, que incluyan actividad f\u00edsica, alimentaci\u00f3n balanceada. chequeos m\u00e9dicos regulares y algo vital, prestar atenci\u00f3n a la salud mental, por eso, este plan piloto de la \u201ccampa\u00f1a de salud laboral\u201d viene a revolucionar la salud en nuestra instituci\u00f3n\u201d dijo Atallah.<br \/><br \/>Expres\u00f3 que a trav\u00e9s de este programa, se podr\u00e1 identificar necesidades, como clases de ejercicios, manejo de estr\u00e9s, buena nutrici\u00f3n, y actividades recreativas, por lo que se da un primer paso hacia un entorno de trabajo m\u00e1s saludable y positivo.<br \/><br \/>Pero, adem\u00e1s prometi\u00f3 mejores condiciones para el personal colaborador y crear los espacios adecuados para \u201chacer de la instituci\u00f3n modelo de \u201csalud y bienestar en el trabajo\u201d<br \/><br \/>Mientras, el viceministro de Salud Colectiva, doctor Eladio P\u00e9rez salud\u00f3 la iniciativa, ya que busca canalizar y desarrollar una vida m\u00e1s saludable entre los colaboradores, para identificar h\u00e1bitos de estilo de vida m\u00e1s comunes que ponen en pr\u00e1ctica para tener un ambiente y un espacio laboral m\u00e1s saludable y con calidad.<br \/><br \/>\u201cEstamos comprometidos en esta campa\u00f1a que llevar\u00e1 educaci\u00f3n y ayudar\u00e1 a crear espacios m\u00e1s seguros, fomentando una vida m\u00e1s activa, con la realizaci\u00f3n de actividades f\u00edsicas, a fin de lograr equilibrio mental y abordar mejor cada situaci\u00f3n\u201d indic\u00f3.<br \/><br \/>El director de Apoyo a la Promoci\u00f3n y Educaci\u00f3n en Salud (DAPES), Miguel Bruj\u00e1n y la coordinadora de Cooperaci\u00f3n T\u00e9cnica del INCAP, Ninette L\u00f3pez manifestaron que la iniciativa es un significativo aporte y tiene el objetivo de emprender acciones que generen cambios positivos en el estado f\u00edsico, emocional, mental y los h\u00e1bitos de vida que llevan cada uno de sus colaboradores.<br \/><br \/>La misma involucra adem\u00e1s a los Programas de Nutrici\u00f3n, que dirige y de Enfermedades No Transmisibles, que dirigen las doctoras Patricia Grull\u00f3n y Andelys De La Rosa, respectivamente.<br \/><br \/>La campa\u00f1a \u201cPromoci\u00f3n de la Salud en el Trabajo \u201d inicia como plan piloto, para tales fines se seleccion\u00f3 a un grupo de colaboradores, que recibir\u00e1n las orientaciones necesarias para mejorar su estilo de vida, pero se pretende implementar en todas las instancias del Ministerio de Salud, inclusive en otras instituciones.<\/p>\r\n","protected":false},"excerpt":{"rendered":"<p>La entidad dio a conocer la campa\u00f1a \u201cPromoci\u00f3n de la Salud en el Trabajo\u201d con miras a promover estilos de vida saludable. Santo Domingo. El Ministro de Salud V\u00edctor Atallah resalt\u00f3 la importancia de generar cambios en el estilo de vida en los colaboradores, por lo que busca convertir al MISPAS en \u201cmodelo de salud [&hellip;]<\/p>\n","protected":false},"author":6,"featured_media":1374,"comment_status":"open","ping_status":"open","sticky":false,"template":"","format":"standard","meta":{"om_disable_all_campaigns":false,"_monsterinsights_skip_tracking":false,"_monsterinsights_sitenote_active":false,"_monsterinsights_sitenote_note":"","_monsterinsights_sitenote_category":0,"footnotes":""},"categories":[1],"tags":[159],"class_list":{"0":"post-1365","1":"post","2":"type-post","3":"status-publish","4":"format-standard","5":"has-post-thumbnail","7":"category-nacionales","8":"tag-ministro-de-salud-publica-victor-atallah"},"aioseo_notices":[],"_links":{"self":[{"href":"https:\/\/periodicolarepublica.com\/index.php\/wp-json\/wp\/v2\/posts\/1365","targetHints":{"allow":["GET"]}}],"collection":[{"href":"https:\/\/periodicolarepublica.com\/index.php\/wp-json\/wp\/v2\/posts"}],"about":[{"href":"https:\/\/periodicolarepublica.com\/index.php\/wp-json\/wp\/v2\/types\/post"}],"author":[{"embeddable":true,"href":"https:\/\/periodicolarepublica.com\/index.php\/wp-json\/wp\/v2\/users\/6"}],"replies":[{"embeddable":true,"href":"https:\/\/periodicolarepublica.com\/index.php\/wp-json\/wp\/v2\/comments?post=1365"}],"version-history":[{"count":2,"href":"https:\/\/periodicolarepublica.com\/index.php\/wp-json\/wp\/v2\/posts\/1365\/revisions"}],"predecessor-version":[{"id":1375,"href":"https:\/\/periodicolarepublica.com\/index.php\/wp-json\/wp\/v2\/posts\/1365\/revisions\/1375"}],"wp:featuredmedia":[{"embeddable":true,"href":"https:\/\/periodicolarepublica.com\/index.php\/wp-json\/wp\/v2\/media\/1374"}],"wp:attachment":[{"href":"https:\/\/periodicolarepublica.com\/index.php\/wp-json\/wp\/v2\/media?parent=1365"}],"wp:term":[{"taxonomy":"category","embeddable":true,"href":"https:\/\/periodicolarepublica.com\/index.php\/wp-json\/wp\/v2\/categories?post=1365"},{"taxonomy":"post_tag","embeddable":true,"href":"https:\/\/periodicolarepublica.com\/index.php\/wp-json\/wp\/v2\/tags?post=1365"}],"curies":[{"name":"wp","href":"https:\/\/api.w.org\/{rel}","templated":true}]}}