{"id":1368,"date":"2024-07-31T22:03:51","date_gmt":"2024-07-31T20:03:51","guid":{"rendered":"https:\/\/periodicolarepublica.com\/?p=1368"},"modified":"2024-07-31T22:03:51","modified_gmt":"2024-07-31T20:03:51","slug":"raquel-pena-en-cafe-politico-de-pucmm-destaca-importancia-de-reformas-que-sometera-el-gobierno","status":"publish","type":"post","link":"https:\/\/periodicolarepublica.com\/index.php\/2024\/07\/31\/raquel-pena-en-cafe-politico-de-pucmm-destaca-importancia-de-reformas-que-sometera-el-gobierno\/","title":{"rendered":"Raquel Pe\u00f1a en Caf\u00e9 Pol\u00edtico de PUCMM destaca importancia de reformas que someter\u00e1 el gobierno\u00a0"},"content":{"rendered":"<p>&nbsp;<\/p>\n<p>*Santo Domingo, RD.* -Junto a estudiantes de Derecho, Econom\u00eda, Comunicaci\u00f3n Social, Medicina y otras carreras de la Pontificia Universidad Cat\u00f3lica Madre y Maestra (PUCMM), la vicepresidenta de la Rep\u00fablica, Raquel Pe\u00f1a, sirvi\u00f3 sobre la mesa del \u201cCaf\u00e9 Pol\u00edtico de la PUCMM\u201d las que considera son algunas de las transformaciones m\u00e1s apremiantes para agilizar y asegurar la construcci\u00f3n de una Rep\u00fablica Dominicana m\u00e1s equitativa.<\/p>\n<p><img loading=\"lazy\" decoding=\"async\" class=\"alignnone size-medium wp-image-1370\" src=\"https:\/\/periodicolarepublica.com\/wp-content\/uploads\/2024\/07\/IMG-20240731-WA0083-1-300x200.jpg\" alt=\"\" width=\"300\" height=\"200\" srcset=\"https:\/\/periodicolarepublica.com\/wp-content\/uploads\/2024\/07\/IMG-20240731-WA0083-1-300x200.jpg?v=1722456069 300w, https:\/\/periodicolarepublica.com\/wp-content\/uploads\/2024\/07\/IMG-20240731-WA0083-1-1024x683.jpg?v=1722456069 1024w, https:\/\/periodicolarepublica.com\/wp-content\/uploads\/2024\/07\/IMG-20240731-WA0083-1-768x512.jpg?v=1722456069 768w, https:\/\/periodicolarepublica.com\/wp-content\/uploads\/2024\/07\/IMG-20240731-WA0083-1-1536x1024.jpg?v=1722456069 1536w, https:\/\/periodicolarepublica.com\/wp-content\/uploads\/2024\/07\/IMG-20240731-WA0083-1-2048x1365.jpg?v=1722456069 2048w, https:\/\/periodicolarepublica.com\/wp-content\/uploads\/2024\/07\/IMG-20240731-WA0083-1-150x100.jpg?v=1722456069 150w, https:\/\/periodicolarepublica.com\/wp-content\/uploads\/2024\/07\/IMG-20240731-WA0083-1-600x400.jpg?v=1722456069 600w, https:\/\/periodicolarepublica.com\/wp-content\/uploads\/2024\/07\/IMG-20240731-WA0083-1-696x464.jpg?v=1722456069 696w, https:\/\/periodicolarepublica.com\/wp-content\/uploads\/2024\/07\/IMG-20240731-WA0083-1-1392x928.jpg?v=1722456069 1392w, https:\/\/periodicolarepublica.com\/wp-content\/uploads\/2024\/07\/IMG-20240731-WA0083-1-1068x712.jpg?v=1722456069 1068w, https:\/\/periodicolarepublica.com\/wp-content\/uploads\/2024\/07\/IMG-20240731-WA0083-1-1920x1280.jpg?v=1722456069 1920w\" sizes=\"auto, (max-width: 300px) 100vw, 300px\" \/><\/p>\n<p>Durante el conversatorio entre la mandataria y los profesionales en formaci\u00f3n, bajo el tema \u201cReformas para el desarrollo del pa\u00eds: visi\u00f3n gubernamental y el rol crucial de la sociedad y la juventud\u201d, Raquel Pe\u00f1a destac\u00f3 que con las reformas que plantea la administraci\u00f3n de Luis Abinader, a quien defini\u00f3 como \u201cun presidente transformador\u201d, buscan \u201cque las oportunidades sean m\u00e1s iguales para todos los dominicanos y dominicanas\u201d.<\/p>\n<p>Pe\u00f1a, quien es adem\u00e1s de servidora p\u00fablica es educadora, sostuvo que cada una de las transformaciones que impulsa el Gobierno en los diferentes sectores de la sociedad son de gran importancia para continuar los cambios que amerita el pa\u00eds.<\/p>\n<p>\u201cTodas tienen un peso definido para poder seguir logrando esas transformaciones en salud, en educaci\u00f3n; por supuesto, la reforma fiscal para nosotros poder seguir avanzando y estar a la vanguardia de poder recaudar m\u00e1s fondos, pero m\u00e1s fondos para ser bien invertido en una mejora de la calidad de vida de todos los dominicanos y de las dominicanas\u201d, precis\u00f3.<\/p>\n<p>Sin embargo, la vicemandataria manifest\u00f3 que la reforma a la Constituci\u00f3n tiene que ser la primera que se presente en la nueva gesti\u00f3n para ponerle \u201cno uno, sino tres candados\u201d y dificultar que los pol\u00edticos quieran perpetuarse en el Palacio Nacional.<\/p>\n<p>*Formaci\u00f3n t\u00e9cnica y ciudadana*<\/p>\n<p>En el marco del conversatorio, la vicepresidenta tambi\u00e9n fue interpelada por los estudiantes sobre los planes del gobierno para fortalecer la formaci\u00f3n en valores c\u00edvicos.<\/p>\n<p>Al respecto, Raquel Pe\u00f1a se comprometi\u00f3 a liderar los esfuerzos para que, a trav\u00e9s del Ministerio de Educaci\u00f3n, se reintroduzca la moral y c\u00edvica en los centros educativos y esto permita a la ciudadan\u00eda defender sus derechos y ahondar sus conocimientos sobre sus deberes en la sociedad.<\/p>\n<p>En t\u00e9rminos del sector educaci\u00f3n, la vicemandataria tambi\u00e9n destac\u00f3 las iniciativas que buscan afianzar la calidad de la educaci\u00f3n que se ha alcanzado en la actualidad, pero tambi\u00e9n llevar la educaci\u00f3n de todos los niveles a la vanguardia, a responder a las demandas de la industria, el comercio y el mundo de hoy y as\u00ed de forma org\u00e1nica cada egresados, \u201cya sea de una formaci\u00f3n t\u00e9cnica, ya sea de una formaci\u00f3n de educaci\u00f3n superior\u201d, tenga la seguridad de insertarse en el mundo laboral en el pa\u00eds o el extranjero.<\/p>\n<p>En el \u201cCaf\u00e9 Pol\u00edtico de la Pucmm\u201d, la vicepresidenta tambi\u00e9n abord\u00f3 con los estudiantes el potencial del talento de los profesionales dominicanos en la toma de decisiones acertadas, poniendo como ejemplo su aporte en la lucha contra el covid-19; la importancia del trabajo conjunto entre el sector privado, sector p\u00fablico, las iglesias, las academias y todos los sectores de la sociedad; la importancia de accionar de manera correcta desde el rol que le toque a cada cual para fortalecer la democracia dominicana; as\u00ed como de otras ideas sobre el contexto sociopol\u00edtico actual.<\/p>\n<p>Previo a finalizar el \u201cCaf\u00e9 Pol\u00edtico de la Pucmm\u201d, la vicepresidenta llam\u00f3 a los participantes a ser actores activos desde el lugar que les toque desarrollarse e invit\u00f3 a aquellos que sienten inclinaci\u00f3n por la pol\u00edtica a servir a su pa\u00eds de manera honrada, con el coraz\u00f3n, queriendo que las cosas realmente sucedan. De igual modo, aplaudi\u00f3 la realizaci\u00f3n de este tipo de conversatorios por fomentar espacios de an\u00e1lisis que aporten a la construcci\u00f3n de un pa\u00eds m\u00e1s equitativo y justo.<\/p>\n<p>El encuentro, organizado por el Club de Ideas Pol\u00edticas y el Decanato de Estudiantes de la PUCMM, se realiz\u00f3 en el edificio B1, Patio Espa\u00f1ol del campus de la casa de altos estudios en Santo Domingo.<\/p>\n","protected":false},"excerpt":{"rendered":"<p>&nbsp; *Santo Domingo, RD.* -Junto a estudiantes de Derecho, Econom\u00eda, Comunicaci\u00f3n Social, Medicina y otras carreras de la Pontificia Universidad Cat\u00f3lica Madre y Maestra (PUCMM), la vicepresidenta de la Rep\u00fablica, Raquel Pe\u00f1a, sirvi\u00f3 sobre la mesa del \u201cCaf\u00e9 Pol\u00edtico de la PUCMM\u201d las que considera son algunas de las transformaciones m\u00e1s apremiantes para agilizar y [&hellip;]<\/p>\n","protected":false},"author":6,"featured_media":1370,"comment_status":"open","ping_status":"open","sticky":false,"template":"","format":"standard","meta":{"om_disable_all_campaigns":false,"_monsterinsights_skip_tracking":false,"_monsterinsights_sitenote_active":false,"_monsterinsights_sitenote_note":"","_monsterinsights_sitenote_category":0,"footnotes":""},"categories":[1],"tags":[],"class_list":{"0":"post-1368","1":"post","2":"type-post","3":"status-publish","4":"format-standard","5":"has-post-thumbnail","7":"category-nacionales"},"aioseo_notices":[],"_links":{"self":[{"href":"https:\/\/periodicolarepublica.com\/index.php\/wp-json\/wp\/v2\/posts\/1368","targetHints":{"allow":["GET"]}}],"collection":[{"href":"https:\/\/periodicolarepublica.com\/index.php\/wp-json\/wp\/v2\/posts"}],"about":[{"href":"https:\/\/periodicolarepublica.com\/index.php\/wp-json\/wp\/v2\/types\/post"}],"author":[{"embeddable":true,"href":"https:\/\/periodicolarepublica.com\/index.php\/wp-json\/wp\/v2\/users\/6"}],"replies":[{"embeddable":true,"href":"https:\/\/periodicolarepublica.com\/index.php\/wp-json\/wp\/v2\/comments?post=1368"}],"version-history":[{"count":1,"href":"https:\/\/periodicolarepublica.com\/index.php\/wp-json\/wp\/v2\/posts\/1368\/revisions"}],"predecessor-version":[{"id":1371,"href":"https:\/\/periodicolarepublica.com\/index.php\/wp-json\/wp\/v2\/posts\/1368\/revisions\/1371"}],"wp:featuredmedia":[{"embeddable":true,"href":"https:\/\/periodicolarepublica.com\/index.php\/wp-json\/wp\/v2\/media\/1370"}],"wp:attachment":[{"href":"https:\/\/periodicolarepublica.com\/index.php\/wp-json\/wp\/v2\/media?parent=1368"}],"wp:term":[{"taxonomy":"category","embeddable":true,"href":"https:\/\/periodicolarepublica.com\/index.php\/wp-json\/wp\/v2\/categories?post=1368"},{"taxonomy":"post_tag","embeddable":true,"href":"https:\/\/periodicolarepublica.com\/index.php\/wp-json\/wp\/v2\/tags?post=1368"}],"curies":[{"name":"wp","href":"https:\/\/api.w.org\/{rel}","templated":true}]}}