{"id":1377,"date":"2024-08-01T02:28:53","date_gmt":"2024-08-01T00:28:53","guid":{"rendered":"https:\/\/periodicolarepublica.com\/?p=1377"},"modified":"2024-08-01T02:29:59","modified_gmt":"2024-08-01T00:29:59","slug":"embajada-de-alemania-y-happy-dolphins-firman-acuerdo-para-capacitar-salvavidas-e-instructores-de-natacion","status":"publish","type":"post","link":"https:\/\/periodicolarepublica.com\/index.php\/2024\/08\/01\/embajada-de-alemania-y-happy-dolphins-firman-acuerdo-para-capacitar-salvavidas-e-instructores-de-natacion\/","title":{"rendered":"EMBAJADA DE ALEMANIA Y HAPPY DOLPHINS FIRMAN ACUERDO PARA CAPACITAR SALVAVIDAS"},"content":{"rendered":"<p>El proyecto beneficiar\u00e1 a 70 j\u00f3venes dominicanos a trav\u00e9s de capacitaciones en socorrismo y nataci\u00f3n en Saman\u00e1 y las costas Este y Norte del pa\u00eds.<\/p>\n<p><img loading=\"lazy\" decoding=\"async\" class=\"alignnone size-medium wp-image-1378\" src=\"https:\/\/periodicolarepublica.com\/wp-content\/uploads\/2024\/08\/4279E0B8-3CEE-4DD5-96AC-8ECDEDDD2829_1_201_a-270x300.jpeg\" alt=\"\" width=\"270\" height=\"300\" srcset=\"https:\/\/periodicolarepublica.com\/wp-content\/uploads\/2024\/08\/4279E0B8-3CEE-4DD5-96AC-8ECDEDDD2829_1_201_a-270x300.jpeg?v=1722471994 270w, https:\/\/periodicolarepublica.com\/wp-content\/uploads\/2024\/08\/4279E0B8-3CEE-4DD5-96AC-8ECDEDDD2829_1_201_a-922x1024.jpeg?v=1722471994 922w, https:\/\/periodicolarepublica.com\/wp-content\/uploads\/2024\/08\/4279E0B8-3CEE-4DD5-96AC-8ECDEDDD2829_1_201_a-768x853.jpeg?v=1722471994 768w, https:\/\/periodicolarepublica.com\/wp-content\/uploads\/2024\/08\/4279E0B8-3CEE-4DD5-96AC-8ECDEDDD2829_1_201_a-1382x1536.jpeg?v=1722471994 1382w, https:\/\/periodicolarepublica.com\/wp-content\/uploads\/2024\/08\/4279E0B8-3CEE-4DD5-96AC-8ECDEDDD2829_1_201_a-1843x2048.jpeg?v=1722471994 1843w, https:\/\/periodicolarepublica.com\/wp-content\/uploads\/2024\/08\/4279E0B8-3CEE-4DD5-96AC-8ECDEDDD2829_1_201_a-150x167.jpeg?v=1722471994 150w, https:\/\/periodicolarepublica.com\/wp-content\/uploads\/2024\/08\/4279E0B8-3CEE-4DD5-96AC-8ECDEDDD2829_1_201_a-300x333.jpeg?v=1722471994 300w, https:\/\/periodicolarepublica.com\/wp-content\/uploads\/2024\/08\/4279E0B8-3CEE-4DD5-96AC-8ECDEDDD2829_1_201_a-600x667.jpeg?v=1722471994 600w, https:\/\/periodicolarepublica.com\/wp-content\/uploads\/2024\/08\/4279E0B8-3CEE-4DD5-96AC-8ECDEDDD2829_1_201_a-696x773.jpeg?v=1722471994 696w, https:\/\/periodicolarepublica.com\/wp-content\/uploads\/2024\/08\/4279E0B8-3CEE-4DD5-96AC-8ECDEDDD2829_1_201_a-1392x1547.jpeg?v=1722471994 1392w, https:\/\/periodicolarepublica.com\/wp-content\/uploads\/2024\/08\/4279E0B8-3CEE-4DD5-96AC-8ECDEDDD2829_1_201_a-1068x1187.jpeg?v=1722471994 1068w, https:\/\/periodicolarepublica.com\/wp-content\/uploads\/2024\/08\/4279E0B8-3CEE-4DD5-96AC-8ECDEDDD2829_1_201_a-1920x2133.jpeg?v=1722471994 1920w\" sizes=\"auto, (max-width: 270px) 100vw, 270px\" \/><\/p>\n<p>La embajada de la Rep\u00fablica Federal de Alemania en Santo Domingo y la fundaci\u00f3n sin fines de lucro, Happy Dolphins de Cabarete firmaron un acuerdo estrat\u00e9gico de colaboraci\u00f3n con miras de crear destinos m\u00e1s seguros y a la vez elevar comunidades costeras en tres importantes polos tur\u00edsticos a trav\u00e9s de la iniciativa denominada Salvando Vidas, una formaci\u00f3n de j\u00f3venes como socorristas y entrenadores de nataci\u00f3n en Saman\u00e1, Punta Cana, Sos\u00faa|Cabarete, que tiene como objetivo tambi\u00e9n la creaci\u00f3n de nuevas fuentes de trabajo dignos.<\/p>\n<p>El convenio fue rubricado en la sede de la embajada alemana en Santo Domingo, por las se\u00f1oras Katrin Werdemann, Jefa Adjunta de la Misi\u00f3n; Janna Krenz, Agregada de Econom\u00eda y Patricia Hiraldo, miembro-Fundadora de Happy Dolphins, en representaci\u00f3n de la asociaci\u00f3n.<\/p>\n<p>&nbsp;<\/p>\n","protected":false},"excerpt":{"rendered":"<p>El proyecto beneficiar\u00e1 a 70 j\u00f3venes dominicanos a trav\u00e9s de capacitaciones en socorrismo y nataci\u00f3n en Saman\u00e1 y las costas Este y Norte del pa\u00eds. La embajada de la Rep\u00fablica Federal de Alemania en Santo Domingo y la fundaci\u00f3n sin fines de lucro, Happy Dolphins de Cabarete firmaron un acuerdo estrat\u00e9gico de colaboraci\u00f3n con miras [&hellip;]<\/p>\n","protected":false},"author":6,"featured_media":1378,"comment_status":"open","ping_status":"open","sticky":false,"template":"","format":"standard","meta":{"om_disable_all_campaigns":false,"_monsterinsights_skip_tracking":false,"_monsterinsights_sitenote_active":false,"_monsterinsights_sitenote_note":"","_monsterinsights_sitenote_category":0,"footnotes":""},"categories":[1],"tags":[283,286,285,284],"class_list":{"0":"post-1377","1":"post","2":"type-post","3":"status-publish","4":"format-standard","5":"has-post-thumbnail","7":"category-nacionales","8":"tag-alemania-rd","9":"tag-natacion","10":"tag-visa-alemania","11":"tag-visa-schengen"},"aioseo_notices":[],"_links":{"self":[{"href":"https:\/\/periodicolarepublica.com\/index.php\/wp-json\/wp\/v2\/posts\/1377","targetHints":{"allow":["GET"]}}],"collection":[{"href":"https:\/\/periodicolarepublica.com\/index.php\/wp-json\/wp\/v2\/posts"}],"about":[{"href":"https:\/\/periodicolarepublica.com\/index.php\/wp-json\/wp\/v2\/types\/post"}],"author":[{"embeddable":true,"href":"https:\/\/periodicolarepublica.com\/index.php\/wp-json\/wp\/v2\/users\/6"}],"replies":[{"embeddable":true,"href":"https:\/\/periodicolarepublica.com\/index.php\/wp-json\/wp\/v2\/comments?post=1377"}],"version-history":[{"count":2,"href":"https:\/\/periodicolarepublica.com\/index.php\/wp-json\/wp\/v2\/posts\/1377\/revisions"}],"predecessor-version":[{"id":1380,"href":"https:\/\/periodicolarepublica.com\/index.php\/wp-json\/wp\/v2\/posts\/1377\/revisions\/1380"}],"wp:featuredmedia":[{"embeddable":true,"href":"https:\/\/periodicolarepublica.com\/index.php\/wp-json\/wp\/v2\/media\/1378"}],"wp:attachment":[{"href":"https:\/\/periodicolarepublica.com\/index.php\/wp-json\/wp\/v2\/media?parent=1377"}],"wp:term":[{"taxonomy":"category","embeddable":true,"href":"https:\/\/periodicolarepublica.com\/index.php\/wp-json\/wp\/v2\/categories?post=1377"},{"taxonomy":"post_tag","embeddable":true,"href":"https:\/\/periodicolarepublica.com\/index.php\/wp-json\/wp\/v2\/tags?post=1377"}],"curies":[{"name":"wp","href":"https:\/\/api.w.org\/{rel}","templated":true}]}}