{"id":1384,"date":"2024-08-01T21:24:29","date_gmt":"2024-08-01T19:24:29","guid":{"rendered":"https:\/\/periodicolarepublica.com\/?p=1384"},"modified":"2024-08-01T21:24:29","modified_gmt":"2024-08-01T19:24:29","slug":"alcaldia-del-distrito-nacional-despliega-operativos-preventivos-de-limpieza-para-mitigar-efectos-de-las-lluvias","status":"publish","type":"post","link":"https:\/\/periodicolarepublica.com\/index.php\/2024\/08\/01\/alcaldia-del-distrito-nacional-despliega-operativos-preventivos-de-limpieza-para-mitigar-efectos-de-las-lluvias\/","title":{"rendered":"Alcald\u00eda del Distrito Nacional despliega operativos preventivos de limpieza para mitigar efectos de las lluvias"},"content":{"rendered":"<p style=\"text-align: left;\">El Distrito Nacional se encuentra bajo alerta por la incidencia una vaguada combinada con una onda tropical<\/p>\n<p><img loading=\"lazy\" decoding=\"async\" class=\"alignnone size-medium wp-image-1385\" src=\"https:\/\/periodicolarepublica.com\/wp-content\/uploads\/2024\/08\/IMG-20240801-WA0030-300x169.jpg\" alt=\"\" width=\"300\" height=\"169\" srcset=\"https:\/\/periodicolarepublica.com\/wp-content\/uploads\/2024\/08\/IMG-20240801-WA0030-300x169.jpg?v=1722540134 300w, https:\/\/periodicolarepublica.com\/wp-content\/uploads\/2024\/08\/IMG-20240801-WA0030-1024x576.jpg?v=1722540134 1024w, https:\/\/periodicolarepublica.com\/wp-content\/uploads\/2024\/08\/IMG-20240801-WA0030-768x432.jpg?v=1722540134 768w, https:\/\/periodicolarepublica.com\/wp-content\/uploads\/2024\/08\/IMG-20240801-WA0030-1536x864.jpg?v=1722540134 1536w, https:\/\/periodicolarepublica.com\/wp-content\/uploads\/2024\/08\/IMG-20240801-WA0030-150x84.jpg?v=1722540134 150w, https:\/\/periodicolarepublica.com\/wp-content\/uploads\/2024\/08\/IMG-20240801-WA0030-600x337.jpg?v=1722540134 600w, https:\/\/periodicolarepublica.com\/wp-content\/uploads\/2024\/08\/IMG-20240801-WA0030-696x391.jpg?v=1722540134 696w, https:\/\/periodicolarepublica.com\/wp-content\/uploads\/2024\/08\/IMG-20240801-WA0030-1392x783.jpg?v=1722540134 1392w, https:\/\/periodicolarepublica.com\/wp-content\/uploads\/2024\/08\/IMG-20240801-WA0030-1068x600.jpg?v=1722540134 1068w, https:\/\/periodicolarepublica.com\/wp-content\/uploads\/2024\/08\/IMG-20240801-WA0030.jpg?v=1722540134 1599w\" sizes=\"auto, (max-width: 300px) 100vw, 300px\" \/><\/p>\n<p style=\"text-align: left;\">Santo Domingo &#8211; La alcaldesa del Distrito Nacional, Carolina Mej\u00eda, orden\u00f3 intensificar los operativos preventivos de limpieza de filtrantes e imbornales para reducir los posibles efectos de las lluvias.<\/p>\n<p style=\"text-align: left;\">Adem\u00e1s de la limpieza, los brigadistas de la Alcald\u00eda del DN realizan la supervisi\u00f3n de puntos cr\u00edticos de la capital y cuneteos.<\/p>\n<p style=\"text-align: left;\">Los trabajos preventivos han impactado la avenida 27 de Febrero con Caonabo, la John F. Kennedy en las cercan\u00edas del Centro Ol\u00edmpico, la San Mart\u00edn debajo del elevado del V Centenario y el malec\u00f3n.<\/p>\n<p style=\"text-align: left;\">Las brigadas de la alcald\u00eda tambi\u00e9n han trabajado en los sectores Don Bosco, Los Prados, Villa Juana, Mirador Norte y Mata Hambre.<\/p>\n<p style=\"text-align: left;\">El Instituto Dominicano de Meteorolog\u00eda (INDOMET) pronostic\u00f3 aguaceros, tormentas el\u00e9ctricas y r\u00e1fagas de viento, producto de una vaguada y una onda tropical que inciden sobre el territorio nacional.<\/p>\n<p style=\"text-align: left;\">En ese sentido, el Distrito Nacional y otras 14 demarcaciones se encuentran bajo alerta verde, mientras que otras cuatro fueron elevadas a alerta amarilla por el Centro de Operaciones de Emergencias (COE).<\/p>\n<p style=\"text-align: left;\">El ayuntamiento recomend\u00f3 a los ciudadanos no sacar las fundas de desechos a los frentes y las calles en momentos en los que se esperan lluvias. De esa forma se evita que la basura sea arrastrada por las aguas, contribuyendo a la obstrucci\u00f3n de filtrantes, causando inundaciones.<\/p>\n","protected":false},"excerpt":{"rendered":"<p>El Distrito Nacional se encuentra bajo alerta por la incidencia una vaguada combinada con una onda tropical Santo Domingo &#8211; La alcaldesa del Distrito Nacional, Carolina Mej\u00eda, orden\u00f3 intensificar los operativos preventivos de limpieza de filtrantes e imbornales para reducir los posibles efectos de las lluvias. Adem\u00e1s de la limpieza, los brigadistas de la Alcald\u00eda [&hellip;]<\/p>\n","protected":false},"author":6,"featured_media":1385,"comment_status":"open","ping_status":"open","sticky":false,"template":"","format":"standard","meta":{"om_disable_all_campaigns":false,"_monsterinsights_skip_tracking":false,"_monsterinsights_sitenote_active":false,"_monsterinsights_sitenote_note":"","_monsterinsights_sitenote_category":0,"footnotes":""},"categories":[1],"tags":[],"class_list":{"0":"post-1384","1":"post","2":"type-post","3":"status-publish","4":"format-standard","5":"has-post-thumbnail","7":"category-nacionales"},"aioseo_notices":[],"_links":{"self":[{"href":"https:\/\/periodicolarepublica.com\/index.php\/wp-json\/wp\/v2\/posts\/1384","targetHints":{"allow":["GET"]}}],"collection":[{"href":"https:\/\/periodicolarepublica.com\/index.php\/wp-json\/wp\/v2\/posts"}],"about":[{"href":"https:\/\/periodicolarepublica.com\/index.php\/wp-json\/wp\/v2\/types\/post"}],"author":[{"embeddable":true,"href":"https:\/\/periodicolarepublica.com\/index.php\/wp-json\/wp\/v2\/users\/6"}],"replies":[{"embeddable":true,"href":"https:\/\/periodicolarepublica.com\/index.php\/wp-json\/wp\/v2\/comments?post=1384"}],"version-history":[{"count":1,"href":"https:\/\/periodicolarepublica.com\/index.php\/wp-json\/wp\/v2\/posts\/1384\/revisions"}],"predecessor-version":[{"id":1386,"href":"https:\/\/periodicolarepublica.com\/index.php\/wp-json\/wp\/v2\/posts\/1384\/revisions\/1386"}],"wp:featuredmedia":[{"embeddable":true,"href":"https:\/\/periodicolarepublica.com\/index.php\/wp-json\/wp\/v2\/media\/1385"}],"wp:attachment":[{"href":"https:\/\/periodicolarepublica.com\/index.php\/wp-json\/wp\/v2\/media?parent=1384"}],"wp:term":[{"taxonomy":"category","embeddable":true,"href":"https:\/\/periodicolarepublica.com\/index.php\/wp-json\/wp\/v2\/categories?post=1384"},{"taxonomy":"post_tag","embeddable":true,"href":"https:\/\/periodicolarepublica.com\/index.php\/wp-json\/wp\/v2\/tags?post=1384"}],"curies":[{"name":"wp","href":"https:\/\/api.w.org\/{rel}","templated":true}]}}