{"id":1388,"date":"2024-08-03T03:15:01","date_gmt":"2024-08-03T01:15:01","guid":{"rendered":"https:\/\/periodicolarepublica.com\/?p=1388"},"modified":"2024-08-03T03:44:29","modified_gmt":"2024-08-03T01:44:29","slug":"tomas-hernandez-alberto-afirma-que-el-prm-esta-preparado-para-gobernar-por-20-anos-defiende-reforma-constitucional-planteada-por-abinader","status":"publish","type":"post","link":"https:\/\/periodicolarepublica.com\/index.php\/2024\/08\/03\/tomas-hernandez-alberto-afirma-que-el-prm-esta-preparado-para-gobernar-por-20-anos-defiende-reforma-constitucional-planteada-por-abinader\/","title":{"rendered":"Tom\u00e1s Hern\u00e1ndez Alberto afirma que el PRM est\u00e1 preparado para gobernar por 20 a\u00f1os;"},"content":{"rendered":"\r\n<p><img loading=\"lazy\" decoding=\"async\" class=\"size-medium wp-image-1421 alignright\" src=\"https:\/\/periodicolarepublica.com\/wp-content\/uploads\/2024\/08\/IMG-20240802-WA0036-300x169.jpg\" alt=\"\" width=\"300\" height=\"169\" srcset=\"https:\/\/periodicolarepublica.com\/wp-content\/uploads\/2024\/08\/IMG-20240802-WA0036-300x169.jpg?v=1722647664 300w, https:\/\/periodicolarepublica.com\/wp-content\/uploads\/2024\/08\/IMG-20240802-WA0036-1024x576.jpg?v=1722647664 1024w, https:\/\/periodicolarepublica.com\/wp-content\/uploads\/2024\/08\/IMG-20240802-WA0036-768x432.jpg?v=1722647664 768w, https:\/\/periodicolarepublica.com\/wp-content\/uploads\/2024\/08\/IMG-20240802-WA0036-1536x864.jpg?v=1722647664 1536w, https:\/\/periodicolarepublica.com\/wp-content\/uploads\/2024\/08\/IMG-20240802-WA0036-2048x1152.jpg?v=1722647664 2048w, https:\/\/periodicolarepublica.com\/wp-content\/uploads\/2024\/08\/IMG-20240802-WA0036-150x84.jpg?v=1722647664 150w, https:\/\/periodicolarepublica.com\/wp-content\/uploads\/2024\/08\/IMG-20240802-WA0036-600x338.jpg?v=1722647664 600w, https:\/\/periodicolarepublica.com\/wp-content\/uploads\/2024\/08\/IMG-20240802-WA0036-696x392.jpg?v=1722647664 696w, https:\/\/periodicolarepublica.com\/wp-content\/uploads\/2024\/08\/IMG-20240802-WA0036-1392x783.jpg?v=1722647664 1392w, https:\/\/periodicolarepublica.com\/wp-content\/uploads\/2024\/08\/IMG-20240802-WA0036-1068x601.jpg?v=1722647664 1068w, https:\/\/periodicolarepublica.com\/wp-content\/uploads\/2024\/08\/IMG-20240802-WA0036-1920x1080.jpg?v=1722647664 1920w\" sizes=\"auto, (max-width: 300px) 100vw, 300px\" \/>El l\u00edder pol\u00edtico del Movimiento Poder Pal Pueblo, Tom\u00e1s Hern\u00e1ndez Alberto, asegur\u00f3 que el Partido Revolucionario Moderno (PRM) est\u00e1 preparado para gobernar durante 20 a\u00f1os consecutivos, porque sus l\u00edderes han entendido que en la unidad est\u00e1n las bases para retener el poder por largo tiempo, y que el presidente Luis Abinader est\u00e1 decidido a transformar el pa\u00eds a trav\u00e9s de importantes reformas para beneficio de la sociedad.<br \/><br \/>Durante su entrevista en el programa \u201cDespierta con CDN\u201d, Hern\u00e1ndez Alberto volvi\u00f3 a defender las reformas constitucional y fiscal que promueve el Poder Ejecutivo. \u201cLa reforma constitucional no es una carta oculta (del presidente Abinader), es abierta. El presidente logr\u00f3 una reelecci\u00f3n basada en estas propuestas, por lo tanto, esas fueron de las cosas que aprob\u00f3 el pueblo\u201d, dio el destacado pol\u00edtico.<br \/><br \/>En cuanto a la reforma fiscal, record\u00f3 que el actual Jefe de Estado la plante\u00f3 desde el principio de su campa\u00f1a, y todos los candidatos estuvieron de acuerdo que ya era inaplazable. \u201cB\u00fasquenlos ahora para que vean lo que dicen (&#8230;) Se\u00f1ores, si ahora no hacemos la reforma fiscal y no hacemos la reforma constitucional no hay ning\u00fan otro escenario para poderlo hacerlas\u201d, sostuvo el presidente del movimiento Poder Pal Pueblo que respald\u00f3 desde el principio la reelecci\u00f3n de Luis Abinader Corona.<br \/><br \/>\u201cDe manera que, Poder Pal Pueblo se siente muy, pero muy, contento, porque nacimos justamente con la intenci\u00f3n de que en un segundo mandato el presidente Luis Abinader Corana pudiera tener la gran oportunidad de dejar las transformaciones necesarias; hechas, de manera tal, que no pudieran tener retorno\u201d, puntualiz\u00f3.<br \/><br \/>El destacado pol\u00edtico y analista tambi\u00e9n valor\u00f3 la unidad que se vive dentro del PRM, destacando el comportamiento ejemplar de sus dirigentes, incluyendo al presidente Luis Abinader y al expresidente Hip\u00f3lito Mej\u00eda.<br \/><br \/>En ese sentido, record\u00f3 que la mayor debilidad del Partido Revolucionario Dominicano (PRD) era su tendencia a la divisi\u00f3n, lo que contrasta con el PRM.<br \/><br \/>Asimismo, expres\u00f3 que el gran m\u00e9rito del PRM es que en el ejercicio del poder ha demostrado que es posible mantenerse unido.<br \/><br \/>Adem\u00e1s, Hern\u00e1ndez Alberto asegur\u00f3 que la divisi\u00f3n del PRM no es una posibilidad para el 2028, contrario a lo que piensan algunos sectores de la oposici\u00f3n. \u201cAs\u00ed que, si alguno est\u00e1 so\u00f1ando en que el PRM dejar\u00e1 el poder en el 2028 que se preparen para 16 a\u00f1os m\u00ednimo (de gobierno); pueden ser 20, pero ser\u00e1 para beneficio de la gente\u201d, puntualiz\u00f3.<\/p>\r\n","protected":false},"excerpt":{"rendered":"<p>El l\u00edder pol\u00edtico del Movimiento Poder Pal Pueblo, Tom\u00e1s Hern\u00e1ndez Alberto, asegur\u00f3 que el Partido Revolucionario Moderno (PRM) est\u00e1 preparado para gobernar durante 20 a\u00f1os consecutivos, porque sus l\u00edderes han entendido que en la unidad est\u00e1n las bases para retener el poder por largo tiempo, y que el presidente Luis Abinader est\u00e1 decidido a transformar [&hellip;]<\/p>\n","protected":false},"author":6,"featured_media":1421,"comment_status":"open","ping_status":"open","sticky":false,"template":"","format":"standard","meta":{"om_disable_all_campaigns":false,"_monsterinsights_skip_tracking":false,"_monsterinsights_sitenote_active":false,"_monsterinsights_sitenote_note":"","_monsterinsights_sitenote_category":0,"footnotes":""},"categories":[1],"tags":[164,163],"class_list":{"0":"post-1388","1":"post","2":"type-post","3":"status-publish","4":"format-standard","5":"has-post-thumbnail","7":"category-nacionales","8":"tag-movimiento-poder-pal-pueblo","9":"tag-tomas-hernandez-alberto"},"aioseo_notices":[],"_links":{"self":[{"href":"https:\/\/periodicolarepublica.com\/index.php\/wp-json\/wp\/v2\/posts\/1388","targetHints":{"allow":["GET"]}}],"collection":[{"href":"https:\/\/periodicolarepublica.com\/index.php\/wp-json\/wp\/v2\/posts"}],"about":[{"href":"https:\/\/periodicolarepublica.com\/index.php\/wp-json\/wp\/v2\/types\/post"}],"author":[{"embeddable":true,"href":"https:\/\/periodicolarepublica.com\/index.php\/wp-json\/wp\/v2\/users\/6"}],"replies":[{"embeddable":true,"href":"https:\/\/periodicolarepublica.com\/index.php\/wp-json\/wp\/v2\/comments?post=1388"}],"version-history":[{"count":3,"href":"https:\/\/periodicolarepublica.com\/index.php\/wp-json\/wp\/v2\/posts\/1388\/revisions"}],"predecessor-version":[{"id":1423,"href":"https:\/\/periodicolarepublica.com\/index.php\/wp-json\/wp\/v2\/posts\/1388\/revisions\/1423"}],"wp:featuredmedia":[{"embeddable":true,"href":"https:\/\/periodicolarepublica.com\/index.php\/wp-json\/wp\/v2\/media\/1421"}],"wp:attachment":[{"href":"https:\/\/periodicolarepublica.com\/index.php\/wp-json\/wp\/v2\/media?parent=1388"}],"wp:term":[{"taxonomy":"category","embeddable":true,"href":"https:\/\/periodicolarepublica.com\/index.php\/wp-json\/wp\/v2\/categories?post=1388"},{"taxonomy":"post_tag","embeddable":true,"href":"https:\/\/periodicolarepublica.com\/index.php\/wp-json\/wp\/v2\/tags?post=1388"}],"curies":[{"name":"wp","href":"https:\/\/api.w.org\/{rel}","templated":true}]}}