{"id":1396,"date":"2024-06-15T21:19:14","date_gmt":"2024-06-15T19:19:14","guid":{"rendered":"https:\/\/periodicolarepublica.com\/?p=1396"},"modified":"2024-08-02T21:25:26","modified_gmt":"2024-08-02T19:25:26","slug":"roberto-angel-destaca-el-esfuerzo-continuo-del-gobierno-en-mejorar-el-bienestar-de-las-familias-mas-vulnerables","status":"publish","type":"post","link":"https:\/\/periodicolarepublica.com\/index.php\/2024\/06\/15\/roberto-angel-destaca-el-esfuerzo-continuo-del-gobierno-en-mejorar-el-bienestar-de-las-familias-mas-vulnerables\/","title":{"rendered":"Roberto \u00c1ngel destaca el esfuerzo cont\u00ednuo del Gobierno en mejorar el bienestar de las familias m\u00e1s vulnerables"},"content":{"rendered":"<p>Encabeza jornadas de inclusi\u00f3n social en municipios San Francisco de Macor\u00eds, Pimentel, Salcedo y Villa Tapia y visita local donde funcionar\u00e1 el primer Centro de Innovaci\u00f3n Cultural en Salcedo y explic\u00f3 c\u00f3mo funcionar\u00e1<\/p>\n<p><img loading=\"lazy\" decoding=\"async\" class=\"alignnone size-medium wp-image-1398\" src=\"https:\/\/periodicolarepublica.com\/wp-content\/uploads\/2024\/08\/WhatsApp-Image-2024-06-15-at-14.22.24-300x201.jpeg\" alt=\"\" width=\"300\" height=\"201\" srcset=\"https:\/\/periodicolarepublica.com\/wp-content\/uploads\/2024\/08\/WhatsApp-Image-2024-06-15-at-14.22.24-300x201.jpeg?v=1722626646 300w, https:\/\/periodicolarepublica.com\/wp-content\/uploads\/2024\/08\/WhatsApp-Image-2024-06-15-at-14.22.24-1024x685.jpeg?v=1722626646 1024w, https:\/\/periodicolarepublica.com\/wp-content\/uploads\/2024\/08\/WhatsApp-Image-2024-06-15-at-14.22.24-768x514.jpeg?v=1722626646 768w, https:\/\/periodicolarepublica.com\/wp-content\/uploads\/2024\/08\/WhatsApp-Image-2024-06-15-at-14.22.24-1536x1027.jpeg?v=1722626646 1536w, https:\/\/periodicolarepublica.com\/wp-content\/uploads\/2024\/08\/WhatsApp-Image-2024-06-15-at-14.22.24-150x100.jpeg?v=1722626646 150w, https:\/\/periodicolarepublica.com\/wp-content\/uploads\/2024\/08\/WhatsApp-Image-2024-06-15-at-14.22.24-600x401.jpeg?v=1722626646 600w, https:\/\/periodicolarepublica.com\/wp-content\/uploads\/2024\/08\/WhatsApp-Image-2024-06-15-at-14.22.24-696x465.jpeg?v=1722626646 696w, https:\/\/periodicolarepublica.com\/wp-content\/uploads\/2024\/08\/WhatsApp-Image-2024-06-15-at-14.22.24-1392x931.jpeg?v=1722626646 1392w, https:\/\/periodicolarepublica.com\/wp-content\/uploads\/2024\/08\/WhatsApp-Image-2024-06-15-at-14.22.24-1068x714.jpeg?v=1722626646 1068w, https:\/\/periodicolarepublica.com\/wp-content\/uploads\/2024\/08\/WhatsApp-Image-2024-06-15-at-14.22.24.jpeg?v=1722626646 1600w\" sizes=\"auto, (max-width: 300px) 100vw, 300px\" \/><\/p>\n<p>Salcedo, Hermanas Mirabal. \u2013 El director general de Proyectos Estrat\u00e9gicos y Especiales de la Presidencia (Propeep), Roberto \u00c1ngel Salcedo, destac\u00f3 los cont\u00ednuos esfuerzos del presidente Luis Abinader y el Gobierno para atender las necesidades y urgencias m\u00e1s perentorias de las personas envejecientes y las familias m\u00e1s vulnerables, en especial de las m\u00e1s afectadas por los fen\u00f3menos naturales registrados recientemente en todo el pa\u00eds.<\/p>\n<p>&nbsp;<\/p>\n<p>Durante jornadas de inclusi\u00f3n social \u00abPrimero T\u00fa\u00bb y \u00abCerca de T\u00ed\u00bb en los municipios San Francisco de Macoris y Pimentel, de la provincia Duarte, y Villa Tapia y Salcedo, de la provincia Hermanas Mirabal, el funcionario resalt\u00f3 que el mandatario ha instruido fortalecer los planes y programas de acci\u00f3n social del Gobierno para proteger y beneficiar a la poblaci\u00f3n en extrema pobreza y que est\u00e1n expuestas a situaciones de vulnerabilidad.<\/p>\n<p>&nbsp;<\/p>\n<p>En estos municipios, Roberto \u00c1ngel encabez\u00f3 y supervis\u00f3 ambas jornadas, en las que Propeep, en coordinaci\u00f3n con otras entidades gubernamentales, distribuy\u00f3 raciones alimenticias cocidas y crudas, dio asistencias m\u00e9dicas y entreg\u00f3 prote\u00ednas, medicamentos y canastillas a las embarazadas, ofreci\u00f3 asistencias para declaraciones tard\u00edas de nacimiento a dominicanos, registr\u00f3 a decenas de j\u00f3venes para canalizaci\u00f3n del primer empleo y su evaluaci\u00f3n para el ingreso a los cursos de capacitaci\u00f3n t\u00e9cnica a trav\u00e9s de las Escuelas Vocacionales de la Polic\u00eda Nacional y las Fuerzas Armadas.<\/p>\n","protected":false},"excerpt":{"rendered":"<p>Encabeza jornadas de inclusi\u00f3n social en municipios San Francisco de Macor\u00eds, Pimentel, Salcedo y Villa Tapia y visita local donde funcionar\u00e1 el primer Centro de Innovaci\u00f3n Cultural en Salcedo y explic\u00f3 c\u00f3mo funcionar\u00e1 Salcedo, Hermanas Mirabal. \u2013 El director general de Proyectos Estrat\u00e9gicos y Especiales de la Presidencia (Propeep), Roberto \u00c1ngel Salcedo, destac\u00f3 los cont\u00ednuos [&hellip;]<\/p>\n","protected":false},"author":6,"featured_media":1398,"comment_status":"open","ping_status":"open","sticky":false,"template":"","format":"standard","meta":{"om_disable_all_campaigns":false,"_monsterinsights_skip_tracking":false,"_monsterinsights_sitenote_active":false,"_monsterinsights_sitenote_note":"","_monsterinsights_sitenote_category":0,"footnotes":""},"categories":[1],"tags":[],"class_list":{"0":"post-1396","1":"post","2":"type-post","3":"status-publish","4":"format-standard","5":"has-post-thumbnail","7":"category-nacionales"},"aioseo_notices":[],"_links":{"self":[{"href":"https:\/\/periodicolarepublica.com\/index.php\/wp-json\/wp\/v2\/posts\/1396","targetHints":{"allow":["GET"]}}],"collection":[{"href":"https:\/\/periodicolarepublica.com\/index.php\/wp-json\/wp\/v2\/posts"}],"about":[{"href":"https:\/\/periodicolarepublica.com\/index.php\/wp-json\/wp\/v2\/types\/post"}],"author":[{"embeddable":true,"href":"https:\/\/periodicolarepublica.com\/index.php\/wp-json\/wp\/v2\/users\/6"}],"replies":[{"embeddable":true,"href":"https:\/\/periodicolarepublica.com\/index.php\/wp-json\/wp\/v2\/comments?post=1396"}],"version-history":[{"count":1,"href":"https:\/\/periodicolarepublica.com\/index.php\/wp-json\/wp\/v2\/posts\/1396\/revisions"}],"predecessor-version":[{"id":1399,"href":"https:\/\/periodicolarepublica.com\/index.php\/wp-json\/wp\/v2\/posts\/1396\/revisions\/1399"}],"wp:featuredmedia":[{"embeddable":true,"href":"https:\/\/periodicolarepublica.com\/index.php\/wp-json\/wp\/v2\/media\/1398"}],"wp:attachment":[{"href":"https:\/\/periodicolarepublica.com\/index.php\/wp-json\/wp\/v2\/media?parent=1396"}],"wp:term":[{"taxonomy":"category","embeddable":true,"href":"https:\/\/periodicolarepublica.com\/index.php\/wp-json\/wp\/v2\/categories?post=1396"},{"taxonomy":"post_tag","embeddable":true,"href":"https:\/\/periodicolarepublica.com\/index.php\/wp-json\/wp\/v2\/tags?post=1396"}],"curies":[{"name":"wp","href":"https:\/\/api.w.org\/{rel}","templated":true}]}}