{"id":1400,"date":"2024-07-12T21:25:40","date_gmt":"2024-07-12T19:25:40","guid":{"rendered":"https:\/\/periodicolarepublica.com\/?p=1400"},"modified":"2024-08-02T21:29:07","modified_gmt":"2024-08-02T19:29:07","slug":"propeep-logra-resultados-de-99-79-en-evaluacion-de-sus-funciones-por-la-direccion-de-etica-e-integridad-gubernamental","status":"publish","type":"post","link":"https:\/\/periodicolarepublica.com\/index.php\/2024\/07\/12\/propeep-logra-resultados-de-99-79-en-evaluacion-de-sus-funciones-por-la-direccion-de-etica-e-integridad-gubernamental\/","title":{"rendered":"Propeep logra resultados de 99.79 % en evaluaci\u00f3n de sus funciones por la Direcci\u00f3n de \u00c9tica e Integridad Gubernamental"},"content":{"rendered":"<p>Direcci\u00f3n General de Proyectos Estrat\u00e9gicos y Especiales de la Presidencia (Propeep) obtuvo una de las m\u00e1s alta calificaciones en la evaluaci\u00f3n institucional de mayo de 2024, realizada por la Direcci\u00f3n General de \u00c9tica e Integridad Gubernamental (DIGEIG) al obtener una puntuaci\u00f3n de 99.79 % en todos los ITEMS y sus ponderaciones.<\/p>\n<p><img loading=\"lazy\" decoding=\"async\" class=\"alignnone size-medium wp-image-1401 aligncenter\" src=\"https:\/\/periodicolarepublica.com\/wp-content\/uploads\/2024\/08\/WhatsApp-Image-2024-07-11-at-19.31.05-300x226.jpeg\" alt=\"\" width=\"300\" height=\"226\" \/><\/p>\n<p>As\u00ed lo estableci\u00f3 la DIGEIG a trav\u00e9s de la Direcci\u00f3n de Transparencia y Gobierno Abierto que eval\u00faa las distintas funciones, programas y proyectos de las instituciones del Estado dominicano durante determinados per\u00edodos.<\/p>\n<p>La evaluaci\u00f3n, est\u00e1 fechada en 19 de junio de 2024 y difundida a trav\u00e9s de la p\u00e1gina web del portal de transparencia de Propeep (https\/\/propeep.gob.do\/transparencia).<\/p>\n<p>En cuanto a la Base Legal, el Resultado de Cumplimiento es de un 100 % en los Sub-Items de Constituci\u00f3n, Leyes, Decretos, Resoluciones y Otras Normativas, con una Ponderaci\u00f3n General de 0.71 de 0.71.<\/p>\n","protected":false},"excerpt":{"rendered":"<p>Direcci\u00f3n General de Proyectos Estrat\u00e9gicos y Especiales de la Presidencia (Propeep) obtuvo una de las m\u00e1s alta calificaciones en la evaluaci\u00f3n institucional de mayo de 2024, realizada por la Direcci\u00f3n General de \u00c9tica e Integridad Gubernamental (DIGEIG) al obtener una puntuaci\u00f3n de 99.79 % en todos los ITEMS y sus ponderaciones. As\u00ed lo estableci\u00f3 la [&hellip;]<\/p>\n","protected":false},"author":6,"featured_media":1401,"comment_status":"open","ping_status":"open","sticky":false,"template":"","format":"standard","meta":{"om_disable_all_campaigns":false,"_monsterinsights_skip_tracking":false,"_monsterinsights_sitenote_active":false,"_monsterinsights_sitenote_note":"","_monsterinsights_sitenote_category":0,"footnotes":""},"categories":[1],"tags":[],"class_list":{"0":"post-1400","1":"post","2":"type-post","3":"status-publish","4":"format-standard","5":"has-post-thumbnail","7":"category-nacionales"},"aioseo_notices":[],"_links":{"self":[{"href":"https:\/\/periodicolarepublica.com\/index.php\/wp-json\/wp\/v2\/posts\/1400","targetHints":{"allow":["GET"]}}],"collection":[{"href":"https:\/\/periodicolarepublica.com\/index.php\/wp-json\/wp\/v2\/posts"}],"about":[{"href":"https:\/\/periodicolarepublica.com\/index.php\/wp-json\/wp\/v2\/types\/post"}],"author":[{"embeddable":true,"href":"https:\/\/periodicolarepublica.com\/index.php\/wp-json\/wp\/v2\/users\/6"}],"replies":[{"embeddable":true,"href":"https:\/\/periodicolarepublica.com\/index.php\/wp-json\/wp\/v2\/comments?post=1400"}],"version-history":[{"count":1,"href":"https:\/\/periodicolarepublica.com\/index.php\/wp-json\/wp\/v2\/posts\/1400\/revisions"}],"predecessor-version":[{"id":1402,"href":"https:\/\/periodicolarepublica.com\/index.php\/wp-json\/wp\/v2\/posts\/1400\/revisions\/1402"}],"wp:featuredmedia":[{"embeddable":true,"href":"https:\/\/periodicolarepublica.com\/index.php\/wp-json\/wp\/v2\/media\/1401"}],"wp:attachment":[{"href":"https:\/\/periodicolarepublica.com\/index.php\/wp-json\/wp\/v2\/media?parent=1400"}],"wp:term":[{"taxonomy":"category","embeddable":true,"href":"https:\/\/periodicolarepublica.com\/index.php\/wp-json\/wp\/v2\/categories?post=1400"},{"taxonomy":"post_tag","embeddable":true,"href":"https:\/\/periodicolarepublica.com\/index.php\/wp-json\/wp\/v2\/tags?post=1400"}],"curies":[{"name":"wp","href":"https:\/\/api.w.org\/{rel}","templated":true}]}}