{"id":1405,"date":"2024-06-22T21:33:52","date_gmt":"2024-06-22T19:33:52","guid":{"rendered":"https:\/\/periodicolarepublica.com\/?p=1405"},"modified":"2024-08-02T21:35:35","modified_gmt":"2024-08-02T19:35:35","slug":"roberto-angel-combatir-la-exclusion-social-es-tarea-permanente-en-este-gobierno","status":"publish","type":"post","link":"https:\/\/periodicolarepublica.com\/index.php\/2024\/06\/22\/roberto-angel-combatir-la-exclusion-social-es-tarea-permanente-en-este-gobierno\/","title":{"rendered":"Roberto \u00c1ngel: \u201ccombatir la exclusi\u00f3n social es tarea permanente en este Gobierno\u201d"},"content":{"rendered":"<p>Acciones sociales coordinadas por Propeep el jueves, viernes y este s\u00e1bado impactan amplios sectores y comunidades vulnerables de Constanza (La Vega), Santiago y Puerto Plata.<\/p>\n<p><img loading=\"lazy\" decoding=\"async\" class=\"alignnone size-medium wp-image-1406\" src=\"https:\/\/periodicolarepublica.com\/wp-content\/uploads\/2024\/08\/WhatsApp-Image-2024-06-22-at-14.56.43-300x200.jpeg\" alt=\"\" width=\"300\" height=\"200\" srcset=\"https:\/\/periodicolarepublica.com\/wp-content\/uploads\/2024\/08\/WhatsApp-Image-2024-06-22-at-14.56.43-300x200.jpeg?v=1722627307 300w, https:\/\/periodicolarepublica.com\/wp-content\/uploads\/2024\/08\/WhatsApp-Image-2024-06-22-at-14.56.43-1024x684.jpeg?v=1722627307 1024w, https:\/\/periodicolarepublica.com\/wp-content\/uploads\/2024\/08\/WhatsApp-Image-2024-06-22-at-14.56.43-768x513.jpeg?v=1722627307 768w, https:\/\/periodicolarepublica.com\/wp-content\/uploads\/2024\/08\/WhatsApp-Image-2024-06-22-at-14.56.43-1536x1025.jpeg?v=1722627307 1536w, https:\/\/periodicolarepublica.com\/wp-content\/uploads\/2024\/08\/WhatsApp-Image-2024-06-22-at-14.56.43-150x100.jpeg?v=1722627307 150w, https:\/\/periodicolarepublica.com\/wp-content\/uploads\/2024\/08\/WhatsApp-Image-2024-06-22-at-14.56.43-600x401.jpeg?v=1722627307 600w, https:\/\/periodicolarepublica.com\/wp-content\/uploads\/2024\/08\/WhatsApp-Image-2024-06-22-at-14.56.43-696x465.jpeg?v=1722627307 696w, https:\/\/periodicolarepublica.com\/wp-content\/uploads\/2024\/08\/WhatsApp-Image-2024-06-22-at-14.56.43-1392x929.jpeg?v=1722627307 1392w, https:\/\/periodicolarepublica.com\/wp-content\/uploads\/2024\/08\/WhatsApp-Image-2024-06-22-at-14.56.43-1068x713.jpeg?v=1722627307 1068w, https:\/\/periodicolarepublica.com\/wp-content\/uploads\/2024\/08\/WhatsApp-Image-2024-06-22-at-14.56.43.jpeg?v=1722627307 1600w\" sizes=\"auto, (max-width: 300px) 100vw, 300px\" \/><\/p>\n<p>Puerto Plata. \u2013 Roberto \u00c1ngel Salcedo, director general de Proyectos Estrat\u00e9gicos y Especiales de la Presidencia (Propeep), afirm\u00f3 este s\u00e1bado que \u00abcombatir la exclusi\u00f3n social es de alta prioridad y una tarea permanente y sistem\u00e1tica del Gobierno que encabeza el presidente Luis Abinader\u00bb.<\/p>\n<p>Al dirigirse a miles de familias de La Vega, Santiago y Puerto Plata, beneficiadas con las jornadas de asistencia e inclusi\u00f3n social \u00abPrimero T\u00fa\u00bb y \u00abCerca de T\u00ed\u00bb, que resultaron afectadas por los fen\u00f3menos atmosf\u00e9ricos de las \u00faltimas semanas, Roberto \u00c1ngel record\u00f3 que Abinader ha priorizado a Santiago, Puerto Plata y otras seis provincias del Cibao y las ha declarado, mediante decreto, como \u00abzonas de emergencias\u00bb, por los da\u00f1os a viviendas, predios agr\u00edcolas y bienes familiares, causados por los vientos y lluvias de eventos climatol\u00f3gicos recientes.<\/p>\n<p>Dijo que es inter\u00e9s del mandatario que todas las familias afectadas sean asistidas por el Gobierno a trav\u00e9s de Propeep, las gobernaciones provinciales y dem\u00e1s instituciones del Estado, llev\u00e1ndoles soluciones puntuales a sus problem\u00e1ticas.<\/p>\n<p>\u00abEsta es una labor cont\u00ednua, sistem\u00e1tica y permanente, y a trav\u00e9s de estas acciones sociales el Presidente ratifica su compromiso con Santiago y Puerto Plata y dem\u00e1s provincias, que dijo son de alta prioridad para el Gobierno de Rep\u00fablica Dominicana\u00bb.<\/p>\n<p>Bajo la supervisi\u00f3n del director general de Propeep, Roberto \u00c1ngel Salcedo, las familias recibieron, raciones alimenticias crudas y cocidas, atenciones m\u00e9dicas y se les distribuy\u00f3 canastillas y medicamentos a las embarazadas y a envejecientes.<\/p>\n","protected":false},"excerpt":{"rendered":"<p>Acciones sociales coordinadas por Propeep el jueves, viernes y este s\u00e1bado impactan amplios sectores y comunidades vulnerables de Constanza (La Vega), Santiago y Puerto Plata. Puerto Plata. \u2013 Roberto \u00c1ngel Salcedo, director general de Proyectos Estrat\u00e9gicos y Especiales de la Presidencia (Propeep), afirm\u00f3 este s\u00e1bado que \u00abcombatir la exclusi\u00f3n social es de alta prioridad y [&hellip;]<\/p>\n","protected":false},"author":1,"featured_media":1406,"comment_status":"open","ping_status":"open","sticky":false,"template":"","format":"standard","meta":{"om_disable_all_campaigns":false,"_monsterinsights_skip_tracking":false,"_monsterinsights_sitenote_active":false,"_monsterinsights_sitenote_note":"","_monsterinsights_sitenote_category":0,"footnotes":""},"categories":[1],"tags":[],"class_list":{"0":"post-1405","1":"post","2":"type-post","3":"status-publish","4":"format-standard","5":"has-post-thumbnail","7":"category-nacionales"},"aioseo_notices":[],"_links":{"self":[{"href":"https:\/\/periodicolarepublica.com\/index.php\/wp-json\/wp\/v2\/posts\/1405","targetHints":{"allow":["GET"]}}],"collection":[{"href":"https:\/\/periodicolarepublica.com\/index.php\/wp-json\/wp\/v2\/posts"}],"about":[{"href":"https:\/\/periodicolarepublica.com\/index.php\/wp-json\/wp\/v2\/types\/post"}],"author":[{"embeddable":true,"href":"https:\/\/periodicolarepublica.com\/index.php\/wp-json\/wp\/v2\/users\/1"}],"replies":[{"embeddable":true,"href":"https:\/\/periodicolarepublica.com\/index.php\/wp-json\/wp\/v2\/comments?post=1405"}],"version-history":[{"count":1,"href":"https:\/\/periodicolarepublica.com\/index.php\/wp-json\/wp\/v2\/posts\/1405\/revisions"}],"predecessor-version":[{"id":1407,"href":"https:\/\/periodicolarepublica.com\/index.php\/wp-json\/wp\/v2\/posts\/1405\/revisions\/1407"}],"wp:featuredmedia":[{"embeddable":true,"href":"https:\/\/periodicolarepublica.com\/index.php\/wp-json\/wp\/v2\/media\/1406"}],"wp:attachment":[{"href":"https:\/\/periodicolarepublica.com\/index.php\/wp-json\/wp\/v2\/media?parent=1405"}],"wp:term":[{"taxonomy":"category","embeddable":true,"href":"https:\/\/periodicolarepublica.com\/index.php\/wp-json\/wp\/v2\/categories?post=1405"},{"taxonomy":"post_tag","embeddable":true,"href":"https:\/\/periodicolarepublica.com\/index.php\/wp-json\/wp\/v2\/tags?post=1405"}],"curies":[{"name":"wp","href":"https:\/\/api.w.org\/{rel}","templated":true}]}}