{"id":1408,"date":"2024-03-10T21:38:15","date_gmt":"2024-03-10T20:38:15","guid":{"rendered":"https:\/\/periodicolarepublica.com\/?p=1408"},"modified":"2024-08-02T21:40:00","modified_gmt":"2024-08-02T19:40:00","slug":"roberto-angel-destaca-la-insercion-laboral-de-la-mujer-en-el-gobierno-de-abinader","status":"publish","type":"post","link":"https:\/\/periodicolarepublica.com\/index.php\/2024\/03\/10\/roberto-angel-destaca-la-insercion-laboral-de-la-mujer-en-el-gobierno-de-abinader\/","title":{"rendered":"Roberto \u00c1ngel destaca la inserci\u00f3n laboral de la mujer en el gobierno de Abinader"},"content":{"rendered":"<p>Moca, Espaillat -Roberto \u00c1ngel Salcedo, director de Proyectos Estrat\u00e9gicos y Programas Especiales de la Presidencia, resalt\u00f3 este s\u00e1bado los aportes del gobierno del presidente Luis Abinader para lograr la inserci\u00f3n de la mujer en el empleo formal, lo que ha contribuido a su desarrollo personal y familiar.<\/p>\n<p><img loading=\"lazy\" decoding=\"async\" class=\"alignnone size-medium wp-image-1409 aligncenter\" src=\"https:\/\/periodicolarepublica.com\/wp-content\/uploads\/2024\/08\/WhatsApp-Image-2024-03-09-at-13.20.01-300x276.jpeg\" alt=\"\" width=\"300\" height=\"276\" srcset=\"https:\/\/periodicolarepublica.com\/wp-content\/uploads\/2024\/08\/WhatsApp-Image-2024-03-09-at-13.20.01-300x276.jpeg?v=1722627532 300w, https:\/\/periodicolarepublica.com\/wp-content\/uploads\/2024\/08\/WhatsApp-Image-2024-03-09-at-13.20.01-768x706.jpeg?v=1722627532 768w, https:\/\/periodicolarepublica.com\/wp-content\/uploads\/2024\/08\/WhatsApp-Image-2024-03-09-at-13.20.01-150x138.jpeg?v=1722627532 150w, https:\/\/periodicolarepublica.com\/wp-content\/uploads\/2024\/08\/WhatsApp-Image-2024-03-09-at-13.20.01-600x552.jpeg?v=1722627532 600w, https:\/\/periodicolarepublica.com\/wp-content\/uploads\/2024\/08\/WhatsApp-Image-2024-03-09-at-13.20.01-696x640.jpeg?v=1722627532 696w, https:\/\/periodicolarepublica.com\/wp-content\/uploads\/2024\/08\/WhatsApp-Image-2024-03-09-at-13.20.01.jpeg?v=1722627532 999w\" sizes=\"auto, (max-width: 300px) 100vw, 300px\" \/><\/p>\n<p>A prop\u00f3sito de conmorarse ayer el D\u00eda Internacional de la Mujer, Roberto \u00c1ngel resalt\u00f3 que de los 147 mil 939 nuevos empleos generados en el pasado a\u00f1o, 112 mil fueron formales, de los cuales el 58 % corresponden a mujeres.<\/p>\n<p>El funcionario hizo las puntualizaciones, tras dejar iniciada una jornada de inclusi\u00f3n social \u00abPrimero T\u00fa\u00bb en el municipio San V\u00edctor, provincia Espaillat, d\u00f3nde cerca de tres mil personas fueron beneficiadas con los diversos servicios que se ofrecen all\u00ed.<\/p>\n<p>Roberto \u00c1ngel record\u00f3 que en diciembre del 2022, el gobierno del presidente Luis Abinader present\u00f3 la iniciativa de Paridad de G\u00e9nero en Rep\u00fablica Dominicana, una alianza p\u00fablico-privada que busca reducir la brecha salarial y promover la participaci\u00f3n de las mujeres en los puestos de liderazgo.<\/p>\n","protected":false},"excerpt":{"rendered":"<p>Moca, Espaillat -Roberto \u00c1ngel Salcedo, director de Proyectos Estrat\u00e9gicos y Programas Especiales de la Presidencia, resalt\u00f3 este s\u00e1bado los aportes del gobierno del presidente Luis Abinader para lograr la inserci\u00f3n de la mujer en el empleo formal, lo que ha contribuido a su desarrollo personal y familiar. A prop\u00f3sito de conmorarse ayer el D\u00eda Internacional [&hellip;]<\/p>\n","protected":false},"author":6,"featured_media":1409,"comment_status":"open","ping_status":"open","sticky":false,"template":"","format":"standard","meta":{"om_disable_all_campaigns":false,"_monsterinsights_skip_tracking":false,"_monsterinsights_sitenote_active":false,"_monsterinsights_sitenote_note":"","_monsterinsights_sitenote_category":0,"footnotes":""},"categories":[1],"tags":[],"class_list":{"0":"post-1408","1":"post","2":"type-post","3":"status-publish","4":"format-standard","5":"has-post-thumbnail","7":"category-nacionales"},"aioseo_notices":[],"_links":{"self":[{"href":"https:\/\/periodicolarepublica.com\/index.php\/wp-json\/wp\/v2\/posts\/1408","targetHints":{"allow":["GET"]}}],"collection":[{"href":"https:\/\/periodicolarepublica.com\/index.php\/wp-json\/wp\/v2\/posts"}],"about":[{"href":"https:\/\/periodicolarepublica.com\/index.php\/wp-json\/wp\/v2\/types\/post"}],"author":[{"embeddable":true,"href":"https:\/\/periodicolarepublica.com\/index.php\/wp-json\/wp\/v2\/users\/6"}],"replies":[{"embeddable":true,"href":"https:\/\/periodicolarepublica.com\/index.php\/wp-json\/wp\/v2\/comments?post=1408"}],"version-history":[{"count":1,"href":"https:\/\/periodicolarepublica.com\/index.php\/wp-json\/wp\/v2\/posts\/1408\/revisions"}],"predecessor-version":[{"id":1410,"href":"https:\/\/periodicolarepublica.com\/index.php\/wp-json\/wp\/v2\/posts\/1408\/revisions\/1410"}],"wp:featuredmedia":[{"embeddable":true,"href":"https:\/\/periodicolarepublica.com\/index.php\/wp-json\/wp\/v2\/media\/1409"}],"wp:attachment":[{"href":"https:\/\/periodicolarepublica.com\/index.php\/wp-json\/wp\/v2\/media?parent=1408"}],"wp:term":[{"taxonomy":"category","embeddable":true,"href":"https:\/\/periodicolarepublica.com\/index.php\/wp-json\/wp\/v2\/categories?post=1408"},{"taxonomy":"post_tag","embeddable":true,"href":"https:\/\/periodicolarepublica.com\/index.php\/wp-json\/wp\/v2\/tags?post=1408"}],"curies":[{"name":"wp","href":"https:\/\/api.w.org\/{rel}","templated":true}]}}