{"id":1411,"date":"2024-08-02T21:47:03","date_gmt":"2024-08-02T19:47:03","guid":{"rendered":"https:\/\/periodicolarepublica.com\/?p=1411"},"modified":"2024-08-02T21:47:03","modified_gmt":"2024-08-02T19:47:03","slug":"roberto-angel-afirma-politicas-publicas-del-gobierno-promueven-el-desarrollo-y-la-inclusion-social-de-los-mas-vulnerables","status":"publish","type":"post","link":"https:\/\/periodicolarepublica.com\/index.php\/2024\/08\/02\/roberto-angel-afirma-politicas-publicas-del-gobierno-promueven-el-desarrollo-y-la-inclusion-social-de-los-mas-vulnerables\/","title":{"rendered":"Roberto \u00c1ngel afirma pol\u00edticas p\u00fablicas del Gobierno promueven el desarrollo y la inclusi\u00f3n social de los m\u00e1s vulnerables"},"content":{"rendered":"<p>Asegura familias vulnerables del pa\u00eds son de alta prioridad para el presidente Abinader y su gobierno<\/p>\n<p><img loading=\"lazy\" decoding=\"async\" class=\"alignnone size-medium wp-image-1412\" src=\"https:\/\/periodicolarepublica.com\/wp-content\/uploads\/2024\/08\/IMG-20240802-WA0035-300x201.jpg\" alt=\"\" width=\"300\" height=\"201\" srcset=\"https:\/\/periodicolarepublica.com\/wp-content\/uploads\/2024\/08\/IMG-20240802-WA0035-300x201.jpg?v=1722627996 300w, https:\/\/periodicolarepublica.com\/wp-content\/uploads\/2024\/08\/IMG-20240802-WA0035-1024x685.jpg?v=1722627996 1024w, https:\/\/periodicolarepublica.com\/wp-content\/uploads\/2024\/08\/IMG-20240802-WA0035-768x514.jpg?v=1722627996 768w, https:\/\/periodicolarepublica.com\/wp-content\/uploads\/2024\/08\/IMG-20240802-WA0035-1536x1027.jpg?v=1722627996 1536w, https:\/\/periodicolarepublica.com\/wp-content\/uploads\/2024\/08\/IMG-20240802-WA0035-150x100.jpg?v=1722627996 150w, https:\/\/periodicolarepublica.com\/wp-content\/uploads\/2024\/08\/IMG-20240802-WA0035-600x401.jpg?v=1722627996 600w, https:\/\/periodicolarepublica.com\/wp-content\/uploads\/2024\/08\/IMG-20240802-WA0035-696x465.jpg?v=1722627996 696w, https:\/\/periodicolarepublica.com\/wp-content\/uploads\/2024\/08\/IMG-20240802-WA0035-1392x931.jpg?v=1722627996 1392w, https:\/\/periodicolarepublica.com\/wp-content\/uploads\/2024\/08\/IMG-20240802-WA0035-1068x714.jpg?v=1722627996 1068w, https:\/\/periodicolarepublica.com\/wp-content\/uploads\/2024\/08\/IMG-20240802-WA0035.jpg?v=1722627996 1600w\" sizes=\"auto, (max-width: 300px) 100vw, 300px\" \/><\/p>\n<p>*Guanuma, La Victoria*.- M\u00e1s de 5 mil personas del sector Guanuma, municipio La Victoria; y del populoso barrio Gualey (de la Capital) fueron impactadas con los servicios que ofrece la direcci\u00f3n de Proyectos Estrat\u00e9gicos y Especiales de la Presidencia (Propeep) en las Jornadas de Inclusi\u00f3n \u201cPrimero T\u00fa\u201d y \u201cCerca de T\u00ed\u201d.<\/p>\n<p>Al pronunciar las palabras de apertura, el director general del organismo estatal, Roberto \u00c1ngel Salcedo, reafirm\u00f3 que los barrios y comunidades m\u00e1s vulnerables del Gran Santo Domingo y del interior del pa\u00eds, son de alta prioridad para el gobierno del presidente Luis Abinader.<\/p>\n<p>\u201cEn otras \u00e9pocas, las personas en condici\u00f3n de vulnerabilidad ten\u00edan que trasladarse largas distancias en busca de servicios. Hoy lo hacemos a la inversa, y es el Gobierno que viene ante ustedes para asistirles y acompa\u00f1arles de manera resuelta y permanente\u201d, se\u00f1al\u00f3.<\/p>\n<p>El funcionario destac\u00f3 las m\u00faltiples iniciativas y programas sociales que se han implementado para mejorar las condiciones de vida de estos sectores.<\/p>\n<p>Enfatiz\u00f3 que el esfuerzo del presidente Luis Abinader se centra en democratizar y pluralizar la acci\u00f3n social del Gobierno, extendiendo su alcance m\u00e1s all\u00e1 de los grandes centros urbanos para llegar a todos los territorios del pa\u00eds.<\/p>\n<p>\u00abEl enfoque y el compromiso del presidente Abinader con los m\u00e1s necesitados es evidente en cada una de las acciones que hemos tomado. Los barrios y comunidades vulnerables de Santo Domingo y todo el pa\u00eds est\u00e1n recibiendo la atenci\u00f3n y los recursos que necesitan para mejorar su calidad de vida y prosperar\u201d, se\u00f1al\u00f3 Roberto \u00c1ngel.<\/p>\n<p>Entre las pol\u00edticas sociales mencionadas, destacan programas de mejora de infraestructuras, acceso a servicios b\u00e1sicos, educaci\u00f3n y salud, capacitaci\u00f3n en cursos t\u00e9cnicos-profesionales, entre otros.<\/p>\n<p>Estas medidas buscan no solo paliar las necesidades inmediatas, sino tambi\u00e9n generar un impacto duradero que promueva el desarrollo sostenible y la inclusi\u00f3n social.<\/p>\n<p>Subray\u00f3 que la gesti\u00f3n de gobierno ha sido reconocida tanto a nivel nacional como internacional por su enfoque en la justicia social y el desarrollo integral.<\/p>\n<p>En ese sentido, el funcionario resalt\u00f3, que gracias a las pol\u00edticas sociales y la eficiente y sostenida producci\u00f3n alimentaria aplicadas en este gobierno, seg\u00fan la Organizaci\u00f3n de las Naciones Unidas para la Agricultura y la Alimentaci\u00f3n (FAO), la subalimentaci\u00f3n se redujo en el pa\u00eds en un 55 %, (entre 2020-2023), lo que significa que alrededor de medio mill\u00f3n de familias fueron liberadas del hambre.<\/p>\n<p>Roberto \u00c1ngel ratific\u00f3 su compromiso y el del gobierno con los barrios y comunidades vulnerables, asegurando que seguir\u00e1n trabajando incansablemente para lograr un pa\u00eds m\u00e1s justo y desarrollado.<\/p>\n<p>**Instituciones que ofrecieron servicios**<\/p>\n<p>Con la coordinaci\u00f3n de Propeep, participaron en esta jornada \u201cPrimero T\u00fa\u201d (la n\u00famero 57 de este a\u00f1o 2024), varias instituciones, entre ellas:<\/p>\n<p>&#8211; El Consejo Nacional de Promoci\u00f3n y Apoyo a las Micro, Peque\u00f1as y Medianas Empresas (Promipyme)<\/p>\n<p>&#8211; El Ministerio de Trabajo<\/p>\n<p>&#8211; Las Escuelas Vocacionales de las Fuerzas Armadas y la Polic\u00eda Nacional<\/p>\n<p>&#8211; El Seguro Nacional de Salud (Senasa)<\/p>\n<p>&#8211; Los Comedores Econ\u00f3micos de la Presidencia<\/p>\n<p>&#8211; El Consejo Nacional de la Personas Envejecientes (Conape)<\/p>\n<p>&#8211; El Consejo Nacional de Discapacidad (Conadis)<\/p>\n<p>Asimismo, el Banco de Reservas de la Rep\u00fablica Dominicana, con una oficina m\u00f3vil donde los ciudadanos pueden acceder a los distintos servicios que ofrece la entidad bancaria, y una unidad m\u00f3vil de INESPRE, en la que se pueden obtener a bajos precios los art\u00edculos de la canasta familiar, entre otros servicios.<\/p>\n<p>*Recorrido de supervisi\u00f3n*<\/p>\n<p>Roberto \u00c1ngel, realiz\u00f3 un recorrido por los diferentes stands de servicios acompa\u00f1ado del alcalde del municipio La Victoria, Miguel Antonio Savi\u00f1on (El gringo) y otras autoridades provinciales y municipales.<\/p>\n<p>*Direcci\u00f3n de Comunicaciones Propeep*<\/p>\n<p>2 de Agosto 2024<\/p>\n","protected":false},"excerpt":{"rendered":"<p>Asegura familias vulnerables del pa\u00eds son de alta prioridad para el presidente Abinader y su gobierno *Guanuma, La Victoria*.- M\u00e1s de 5 mil personas del sector Guanuma, municipio La Victoria; y del populoso barrio Gualey (de la Capital) fueron impactadas con los servicios que ofrece la direcci\u00f3n de Proyectos Estrat\u00e9gicos y Especiales de la Presidencia [&hellip;]<\/p>\n","protected":false},"author":6,"featured_media":1412,"comment_status":"open","ping_status":"open","sticky":false,"template":"","format":"standard","meta":{"om_disable_all_campaigns":false,"_monsterinsights_skip_tracking":false,"_monsterinsights_sitenote_active":false,"_monsterinsights_sitenote_note":"","_monsterinsights_sitenote_category":0,"footnotes":""},"categories":[1],"tags":[],"class_list":{"0":"post-1411","1":"post","2":"type-post","3":"status-publish","4":"format-standard","5":"has-post-thumbnail","7":"category-nacionales"},"aioseo_notices":[],"_links":{"self":[{"href":"https:\/\/periodicolarepublica.com\/index.php\/wp-json\/wp\/v2\/posts\/1411","targetHints":{"allow":["GET"]}}],"collection":[{"href":"https:\/\/periodicolarepublica.com\/index.php\/wp-json\/wp\/v2\/posts"}],"about":[{"href":"https:\/\/periodicolarepublica.com\/index.php\/wp-json\/wp\/v2\/types\/post"}],"author":[{"embeddable":true,"href":"https:\/\/periodicolarepublica.com\/index.php\/wp-json\/wp\/v2\/users\/6"}],"replies":[{"embeddable":true,"href":"https:\/\/periodicolarepublica.com\/index.php\/wp-json\/wp\/v2\/comments?post=1411"}],"version-history":[{"count":1,"href":"https:\/\/periodicolarepublica.com\/index.php\/wp-json\/wp\/v2\/posts\/1411\/revisions"}],"predecessor-version":[{"id":1413,"href":"https:\/\/periodicolarepublica.com\/index.php\/wp-json\/wp\/v2\/posts\/1411\/revisions\/1413"}],"wp:featuredmedia":[{"embeddable":true,"href":"https:\/\/periodicolarepublica.com\/index.php\/wp-json\/wp\/v2\/media\/1412"}],"wp:attachment":[{"href":"https:\/\/periodicolarepublica.com\/index.php\/wp-json\/wp\/v2\/media?parent=1411"}],"wp:term":[{"taxonomy":"category","embeddable":true,"href":"https:\/\/periodicolarepublica.com\/index.php\/wp-json\/wp\/v2\/categories?post=1411"},{"taxonomy":"post_tag","embeddable":true,"href":"https:\/\/periodicolarepublica.com\/index.php\/wp-json\/wp\/v2\/tags?post=1411"}],"curies":[{"name":"wp","href":"https:\/\/api.w.org\/{rel}","templated":true}]}}