{"id":1414,"date":"2024-08-02T22:01:39","date_gmt":"2024-08-02T20:01:39","guid":{"rendered":"https:\/\/periodicolarepublica.com\/?p=1414"},"modified":"2024-08-02T22:07:19","modified_gmt":"2024-08-02T20:07:19","slug":"arajet-integra-a-su-plataforma-los-servicios-de-immfly-para-fortalecer-la-experiencia-a-bordo-de-sus-pasajeros","status":"publish","type":"post","link":"https:\/\/periodicolarepublica.com\/index.php\/2024\/08\/02\/arajet-integra-a-su-plataforma-los-servicios-de-immfly-para-fortalecer-la-experiencia-a-bordo-de-sus-pasajeros\/","title":{"rendered":"Arajet integra a su plataforma los servicios de Immfly para fortalecer la experiencia a bordo de sus pasajeros"},"content":{"rendered":"<p style=\"text-align: left;\">Aras Yildiz, Director General de Immfly Retail, expres\u00f3 que con esta iniciativa buscan colaborar a mejorar la experiencia de los usuarios para adquirir servicios a bordo de manera eficiente y establecer nuevos est\u00e1ndares en el mercado de las aerol\u00edneas.<\/p>\n<p><img loading=\"lazy\" decoding=\"async\" class=\"alignnone size-medium wp-image-1415\" src=\"https:\/\/periodicolarepublica.com\/wp-content\/uploads\/2024\/08\/Immfly_Arajet_PR-300x225.jpg\" alt=\"\" width=\"300\" height=\"225\" srcset=\"https:\/\/periodicolarepublica.com\/wp-content\/uploads\/2024\/08\/Immfly_Arajet_PR-300x225.jpg?v=1722628840 300w, https:\/\/periodicolarepublica.com\/wp-content\/uploads\/2024\/08\/Immfly_Arajet_PR-1024x769.jpg?v=1722628840 1024w, https:\/\/periodicolarepublica.com\/wp-content\/uploads\/2024\/08\/Immfly_Arajet_PR-768x577.jpg?v=1722628840 768w, https:\/\/periodicolarepublica.com\/wp-content\/uploads\/2024\/08\/Immfly_Arajet_PR-1536x1153.jpg?v=1722628840 1536w, https:\/\/periodicolarepublica.com\/wp-content\/uploads\/2024\/08\/Immfly_Arajet_PR-150x113.jpg?v=1722628840 150w, https:\/\/periodicolarepublica.com\/wp-content\/uploads\/2024\/08\/Immfly_Arajet_PR-600x451.jpg?v=1722628840 600w, https:\/\/periodicolarepublica.com\/wp-content\/uploads\/2024\/08\/Immfly_Arajet_PR-696x523.jpg?v=1722628840 696w, https:\/\/periodicolarepublica.com\/wp-content\/uploads\/2024\/08\/Immfly_Arajet_PR-1392x1045.jpg?v=1722628840 1392w, https:\/\/periodicolarepublica.com\/wp-content\/uploads\/2024\/08\/Immfly_Arajet_PR-1068x802.jpg?v=1722628840 1068w, https:\/\/periodicolarepublica.com\/wp-content\/uploads\/2024\/08\/Immfly_Arajet_PR-265x198.jpg?v=1722628840 265w, https:\/\/periodicolarepublica.com\/wp-content\/uploads\/2024\/08\/Immfly_Arajet_PR-530x396.jpg?v=1722628840 530w, https:\/\/periodicolarepublica.com\/wp-content\/uploads\/2024\/08\/Immfly_Arajet_PR.jpg?v=1722628840 1678w\" sizes=\"auto, (max-width: 300px) 100vw, 300px\" \/><\/p>\n<p>\u00abEn Immfly, estamos encantados de asociarnos con Arajet para mejorar sus servicios a bordo. Nuestro sistema, integrado con Worldpay para pagos seguros y sin problemas, agilizar\u00e1 las ventas y la gesti\u00f3n de inventarios, aumentando la satisfacci\u00f3n de los pasajeros y la eficiencia operativa. Con esta alianza apostamos al firme crecimiento de Arajet\u201d, explic\u00f3 Yildiz.<\/p>\n<p>Arajet integrar\u00e1 el conjunto completo de soluciones digitales de Immfly, mejorando la eficiencia operativa durante sus vuelos en toda su flota ofreciendo transacciones seguras seg\u00fan la necesidad de los pasajeros.<\/p>\n","protected":false},"excerpt":{"rendered":"<p>Aras Yildiz, Director General de Immfly Retail, expres\u00f3 que con esta iniciativa buscan colaborar a mejorar la experiencia de los usuarios para adquirir servicios a bordo de manera eficiente y establecer nuevos est\u00e1ndares en el mercado de las aerol\u00edneas. \u00abEn Immfly, estamos encantados de asociarnos con Arajet para mejorar sus servicios a bordo. Nuestro sistema, [&hellip;]<\/p>\n","protected":false},"author":6,"featured_media":1415,"comment_status":"open","ping_status":"open","sticky":false,"template":"","format":"standard","meta":{"om_disable_all_campaigns":false,"_monsterinsights_skip_tracking":false,"_monsterinsights_sitenote_active":false,"_monsterinsights_sitenote_note":"","_monsterinsights_sitenote_category":0,"footnotes":""},"categories":[1],"tags":[288,106,289],"class_list":{"0":"post-1414","1":"post","2":"type-post","3":"status-publish","4":"format-standard","5":"has-post-thumbnail","7":"category-nacionales","8":"tag-arajet-com","9":"tag-boletos-aereos","10":"tag-viaja-barato"},"aioseo_notices":[],"_links":{"self":[{"href":"https:\/\/periodicolarepublica.com\/index.php\/wp-json\/wp\/v2\/posts\/1414","targetHints":{"allow":["GET"]}}],"collection":[{"href":"https:\/\/periodicolarepublica.com\/index.php\/wp-json\/wp\/v2\/posts"}],"about":[{"href":"https:\/\/periodicolarepublica.com\/index.php\/wp-json\/wp\/v2\/types\/post"}],"author":[{"embeddable":true,"href":"https:\/\/periodicolarepublica.com\/index.php\/wp-json\/wp\/v2\/users\/6"}],"replies":[{"embeddable":true,"href":"https:\/\/periodicolarepublica.com\/index.php\/wp-json\/wp\/v2\/comments?post=1414"}],"version-history":[{"count":3,"href":"https:\/\/periodicolarepublica.com\/index.php\/wp-json\/wp\/v2\/posts\/1414\/revisions"}],"predecessor-version":[{"id":1417,"href":"https:\/\/periodicolarepublica.com\/index.php\/wp-json\/wp\/v2\/posts\/1414\/revisions\/1417"}],"wp:featuredmedia":[{"embeddable":true,"href":"https:\/\/periodicolarepublica.com\/index.php\/wp-json\/wp\/v2\/media\/1415"}],"wp:attachment":[{"href":"https:\/\/periodicolarepublica.com\/index.php\/wp-json\/wp\/v2\/media?parent=1414"}],"wp:term":[{"taxonomy":"category","embeddable":true,"href":"https:\/\/periodicolarepublica.com\/index.php\/wp-json\/wp\/v2\/categories?post=1414"},{"taxonomy":"post_tag","embeddable":true,"href":"https:\/\/periodicolarepublica.com\/index.php\/wp-json\/wp\/v2\/tags?post=1414"}],"curies":[{"name":"wp","href":"https:\/\/api.w.org\/{rel}","templated":true}]}}