{"id":1425,"date":"2024-08-07T14:31:10","date_gmt":"2024-08-07T12:31:10","guid":{"rendered":"https:\/\/periodicolarepublica.com\/?p=1425"},"modified":"2024-08-07T14:31:10","modified_gmt":"2024-08-07T12:31:10","slug":"el-alcalde-eduardo-kery-metivier-transforma-la-provincia-de-la-romana-con-su-estrategia-de-orden-y-limpieza","status":"publish","type":"post","link":"https:\/\/periodicolarepublica.com\/index.php\/2024\/08\/07\/el-alcalde-eduardo-kery-metivier-transforma-la-provincia-de-la-romana-con-su-estrategia-de-orden-y-limpieza\/","title":{"rendered":"El alcalde Eduardo Kery Metivier transforma la provincia de La Romana con su estrategia de orden y limpieza"},"content":{"rendered":"\r\n<p><img loading=\"lazy\" decoding=\"async\" class=\"size-medium wp-image-1430 alignright\" src=\"https:\/\/periodicolarepublica.com\/wp-content\/uploads\/2024\/08\/453013094_17858823354214333_3442362025748966859_n-300x300.jpg\" alt=\"\" width=\"300\" height=\"300\" srcset=\"https:\/\/periodicolarepublica.com\/wp-content\/uploads\/2024\/08\/453013094_17858823354214333_3442362025748966859_n-300x300.jpg?v=1723033844 300w, https:\/\/periodicolarepublica.com\/wp-content\/uploads\/2024\/08\/453013094_17858823354214333_3442362025748966859_n-1024x1024.jpg?v=1723033844 1024w, https:\/\/periodicolarepublica.com\/wp-content\/uploads\/2024\/08\/453013094_17858823354214333_3442362025748966859_n-150x150.jpg?v=1723033844 150w, https:\/\/periodicolarepublica.com\/wp-content\/uploads\/2024\/08\/453013094_17858823354214333_3442362025748966859_n-768x768.jpg?v=1723033844 768w, https:\/\/periodicolarepublica.com\/wp-content\/uploads\/2024\/08\/453013094_17858823354214333_3442362025748966859_n-600x600.jpg?v=1723033844 600w, https:\/\/periodicolarepublica.com\/wp-content\/uploads\/2024\/08\/453013094_17858823354214333_3442362025748966859_n-696x696.jpg?v=1723033844 696w, https:\/\/periodicolarepublica.com\/wp-content\/uploads\/2024\/08\/453013094_17858823354214333_3442362025748966859_n-1068x1068.jpg?v=1723033844 1068w, https:\/\/periodicolarepublica.com\/wp-content\/uploads\/2024\/08\/453013094_17858823354214333_3442362025748966859_n.jpg?v=1723033844 1080w\" sizes=\"auto, (max-width: 300px) 100vw, 300px\" \/>La Romana, Rep\u00fablica Dominicana, 7 de agosto de 2024 &#8211; El alcalde Eduardo Kery Metivier de la provincia de La Romana se ha destacado por su incansable trabajo para mejorar las condiciones de vida de los residentes de su comunidad. Bajo su liderazgo, la provincia ha experimentado un notable cambio, convirti\u00e9ndose en un lugar m\u00e1s limpio y ordenado.<br \/><br \/>\u00abDesde que el alcalde Metivier asumi\u00f3 el cargo, hemos visto una transformaci\u00f3n impresionante en nuestra provincia\u00bb, afirm\u00f3 Mar\u00eda Rodr\u00edguez, una residente de larga data de La Romana. \u00abLas calles est\u00e1n m\u00e1s limpias, los espacios p\u00fablicos se ven cuidados y la gente se siente m\u00e1s orgullosa de nuestro hogar\u00bb.<br \/><br \/>El enfoque del alcalde Metivier se ha centrado en implementar estrategias efectivas de gesti\u00f3n de residuos, mejoramiento de la infraestructura y promoci\u00f3n de la participaci\u00f3n comunitaria. Ha trabajado en estrecha colaboraci\u00f3n con los residentes para fomentar una mayor conciencia sobre la importancia de mantener un entorno limpio y ordenado.<br \/><br \/>\u00abEstoy comprometido a continuar trabajando incansablemente para mejorar la calidad de vida de los habitantes de La Romana\u00bb, dijo el alcalde Metivier. \u00abJuntos, hemos logrado grandes avances, pero a\u00fan tenemos mucho por hacer para convertirnos en una provincia modelo de desarrollo sostenible\u00bb.<br \/><br \/>Bajo el liderazgo del alcalde Metivier, La Romana se ha convertido en un ejemplo inspirador de c\u00f3mo un enfoque estrat\u00e9gico y la colaboraci\u00f3n comunitaria pueden transformar una comunidad. Los residentes est\u00e1n entusiasmados por ver los cambios positivos que seguir\u00e1n ocurriendo en los pr\u00f3ximos a\u00f1os.<\/p>\r\n","protected":false},"excerpt":{"rendered":"<p>La Romana, Rep\u00fablica Dominicana, 7 de agosto de 2024 &#8211; El alcalde Eduardo Kery Metivier de la provincia de La Romana se ha destacado por su incansable trabajo para mejorar las condiciones de vida de los residentes de su comunidad. Bajo su liderazgo, la provincia ha experimentado un notable cambio, convirti\u00e9ndose en un lugar m\u00e1s [&hellip;]<\/p>\n","protected":false},"author":6,"featured_media":1430,"comment_status":"open","ping_status":"open","sticky":false,"template":"","format":"standard","meta":{"om_disable_all_campaigns":false,"_monsterinsights_skip_tracking":false,"_monsterinsights_sitenote_active":false,"_monsterinsights_sitenote_note":"","_monsterinsights_sitenote_category":0,"footnotes":""},"categories":[1],"tags":[290],"class_list":{"0":"post-1425","1":"post","2":"type-post","3":"status-publish","4":"format-standard","5":"has-post-thumbnail","7":"category-nacionales","8":"tag-alcaldia-la-romana"},"aioseo_notices":[],"_links":{"self":[{"href":"https:\/\/periodicolarepublica.com\/index.php\/wp-json\/wp\/v2\/posts\/1425","targetHints":{"allow":["GET"]}}],"collection":[{"href":"https:\/\/periodicolarepublica.com\/index.php\/wp-json\/wp\/v2\/posts"}],"about":[{"href":"https:\/\/periodicolarepublica.com\/index.php\/wp-json\/wp\/v2\/types\/post"}],"author":[{"embeddable":true,"href":"https:\/\/periodicolarepublica.com\/index.php\/wp-json\/wp\/v2\/users\/6"}],"replies":[{"embeddable":true,"href":"https:\/\/periodicolarepublica.com\/index.php\/wp-json\/wp\/v2\/comments?post=1425"}],"version-history":[{"count":2,"href":"https:\/\/periodicolarepublica.com\/index.php\/wp-json\/wp\/v2\/posts\/1425\/revisions"}],"predecessor-version":[{"id":1431,"href":"https:\/\/periodicolarepublica.com\/index.php\/wp-json\/wp\/v2\/posts\/1425\/revisions\/1431"}],"wp:featuredmedia":[{"embeddable":true,"href":"https:\/\/periodicolarepublica.com\/index.php\/wp-json\/wp\/v2\/media\/1430"}],"wp:attachment":[{"href":"https:\/\/periodicolarepublica.com\/index.php\/wp-json\/wp\/v2\/media?parent=1425"}],"wp:term":[{"taxonomy":"category","embeddable":true,"href":"https:\/\/periodicolarepublica.com\/index.php\/wp-json\/wp\/v2\/categories?post=1425"},{"taxonomy":"post_tag","embeddable":true,"href":"https:\/\/periodicolarepublica.com\/index.php\/wp-json\/wp\/v2\/tags?post=1425"}],"curies":[{"name":"wp","href":"https:\/\/api.w.org\/{rel}","templated":true}]}}