{"id":1429,"date":"2024-08-07T16:23:17","date_gmt":"2024-08-07T14:23:17","guid":{"rendered":"https:\/\/periodicolarepublica.com\/?p=1429"},"modified":"2024-08-07T16:23:17","modified_gmt":"2024-08-07T14:23:17","slug":"abogado-maximo-minoso-estafas-inmobiliarias-amenazan-la-estabilidad-economica-del-pais","status":"publish","type":"post","link":"https:\/\/periodicolarepublica.com\/index.php\/2024\/08\/07\/abogado-maximo-minoso-estafas-inmobiliarias-amenazan-la-estabilidad-economica-del-pais\/","title":{"rendered":"Abogado M\u00e1ximo Mi\u00f1oso: Estafas Inmobiliarias Amenazan la Estabilidad Econ\u00f3mica del Pa\u00eds\u00bb"},"content":{"rendered":"\r\n<p><img loading=\"lazy\" decoding=\"async\" class=\"size-medium wp-image-1434 alignright\" src=\"https:\/\/periodicolarepublica.com\/wp-content\/uploads\/2024\/08\/IMG-20240807-WA0024-300x200.jpg\" alt=\"\" width=\"300\" height=\"200\" srcset=\"https:\/\/periodicolarepublica.com\/wp-content\/uploads\/2024\/08\/IMG-20240807-WA0024-300x200.jpg?v=1723040578 300w, https:\/\/periodicolarepublica.com\/wp-content\/uploads\/2024\/08\/IMG-20240807-WA0024-1024x683.jpg?v=1723040578 1024w, https:\/\/periodicolarepublica.com\/wp-content\/uploads\/2024\/08\/IMG-20240807-WA0024-768x512.jpg?v=1723040578 768w, https:\/\/periodicolarepublica.com\/wp-content\/uploads\/2024\/08\/IMG-20240807-WA0024-1536x1024.jpg?v=1723040578 1536w, https:\/\/periodicolarepublica.com\/wp-content\/uploads\/2024\/08\/IMG-20240807-WA0024-2048x1365.jpg?v=1723040578 2048w, https:\/\/periodicolarepublica.com\/wp-content\/uploads\/2024\/08\/IMG-20240807-WA0024-150x100.jpg?v=1723040578 150w, https:\/\/periodicolarepublica.com\/wp-content\/uploads\/2024\/08\/IMG-20240807-WA0024-600x400.jpg?v=1723040578 600w, https:\/\/periodicolarepublica.com\/wp-content\/uploads\/2024\/08\/IMG-20240807-WA0024-696x464.jpg?v=1723040578 696w, https:\/\/periodicolarepublica.com\/wp-content\/uploads\/2024\/08\/IMG-20240807-WA0024-1392x928.jpg?v=1723040578 1392w, https:\/\/periodicolarepublica.com\/wp-content\/uploads\/2024\/08\/IMG-20240807-WA0024-1068x712.jpg?v=1723040578 1068w, https:\/\/periodicolarepublica.com\/wp-content\/uploads\/2024\/08\/IMG-20240807-WA0024-1920x1280.jpg?v=1723040578 1920w\" sizes=\"auto, (max-width: 300px) 100vw, 300px\" \/>Ante la gran cantidad de casos de estafas inmobiliarias en el pais, el abogado M\u00e1ximo Mi\u00f1oso ha alzado la voz de alarma sobre un fen\u00f3meno inquietante que amenaza la estabilidad econ\u00f3mica de la Rep\u00fablica Dominicana. <br \/><br \/>Seg\u00fan Mi\u00f1oso, la creciente cantidad de casos de proyectos inmobiliarios fraudulentos y la fragilidad de la seguridad jur\u00eddica en el pa\u00eds son factores que podr\u00edan provocar un serio descalabro en la econom\u00eda, especialmente en un contexto donde cada vez m\u00e1s dominicanos de la di\u00e1spora est\u00e1n reconsiderando sus inversiones en el pa\u00eds natal.<br \/><br \/>En una reciente reciente intervenci\u00f3n en el Programa La Rep\u00fablica por El Nuevo Diario, Mi\u00f1oso expuso su preocupaci\u00f3n ante la falta de respuestas a numerosos proyectos inmobiliarios, lo que ha dejado a miles de compatriotas en un limbo legal y financiero. Este fen\u00f3meno, que ha crecido de manera alarmante en los \u00faltimos a\u00f1os, afecta no solo a los inversionistas locales, sino tambi\u00e9n a aquellos que residen en el extranjero y que, por a\u00f1os, han confiado en el mercado inmobiliario dominicano.<br \/><br \/>El abogado enfatiz\u00f3 que la debilidad de la seguridad jur\u00eddica en el pa\u00eds ha creado un caldo de cultivo perfecto para la proliferaci\u00f3n de estafadores, quienes operan sin el temor a ser castigados. \u00abLa legislaci\u00f3n actual es insuficiente\u00bb, afirm\u00f3 Mi\u00f1oso, citando el art\u00edculo 405 del C\u00f3digo Penal dominicano que castiga la estafa solo con penas de hasta dos a\u00f1os de prisi\u00f3n. Esta escasa sanci\u00f3n no act\u00faa como un disuasivo, permitiendo que estos delitos prevalezcan y que la confianza en el sistema inmobiliario se desmorone y la falta de un nuevo C\u00f3digo Penal es necesario.<br \/><br \/>La realidad que enfrenta la Rep\u00fablica Dominicana no es solamente una cuesti\u00f3n de n\u00fameros en la econom\u00eda, sino que tambi\u00e9n afecta la calidad de vida de sus ciudadanos, quienes ven vulnerados sus sue\u00f1os de adquirir un hogar. Sin medidas adecuadas, el panorama es sombr\u00edo y los ecos de la inseguridad jur\u00eddica podr\u00edan resonar por muchos a\u00f1os m\u00e1s.<br \/>Otro posible gran caso por explotar, ser\u00eda en un proyecto en La Romana, donde mas de 400 comprandores, no han tenido respuesta precisas de una empresa llamada Novasco, los cuales se han reunido ya en grupos para iniciar acciones judiciales contra dicha constructora, y recomienda el abogado que los socios o propietarios de la misma aclaren a la opini\u00f3n p\u00fablica la realidad de la situaci\u00f3n, antes de que la misma sea escandalo en la palestra p\u00fablica.<\/p>\r\n","protected":false},"excerpt":{"rendered":"<p>Ante la gran cantidad de casos de estafas inmobiliarias en el pais, el abogado M\u00e1ximo Mi\u00f1oso ha alzado la voz de alarma sobre un fen\u00f3meno inquietante que amenaza la estabilidad econ\u00f3mica de la Rep\u00fablica Dominicana. Seg\u00fan Mi\u00f1oso, la creciente cantidad de casos de proyectos inmobiliarios fraudulentos y la fragilidad de la seguridad jur\u00eddica en el [&hellip;]<\/p>\n","protected":false},"author":6,"featured_media":1434,"comment_status":"open","ping_status":"open","sticky":false,"template":"","format":"standard","meta":{"om_disable_all_campaigns":false,"_monsterinsights_skip_tracking":false,"_monsterinsights_sitenote_active":false,"_monsterinsights_sitenote_note":"","_monsterinsights_sitenote_category":0,"footnotes":""},"categories":[1],"tags":[155],"class_list":{"0":"post-1429","1":"post","2":"type-post","3":"status-publish","4":"format-standard","5":"has-post-thumbnail","7":"category-nacionales","8":"tag-maximo-minoso"},"aioseo_notices":[],"_links":{"self":[{"href":"https:\/\/periodicolarepublica.com\/index.php\/wp-json\/wp\/v2\/posts\/1429","targetHints":{"allow":["GET"]}}],"collection":[{"href":"https:\/\/periodicolarepublica.com\/index.php\/wp-json\/wp\/v2\/posts"}],"about":[{"href":"https:\/\/periodicolarepublica.com\/index.php\/wp-json\/wp\/v2\/types\/post"}],"author":[{"embeddable":true,"href":"https:\/\/periodicolarepublica.com\/index.php\/wp-json\/wp\/v2\/users\/6"}],"replies":[{"embeddable":true,"href":"https:\/\/periodicolarepublica.com\/index.php\/wp-json\/wp\/v2\/comments?post=1429"}],"version-history":[{"count":2,"href":"https:\/\/periodicolarepublica.com\/index.php\/wp-json\/wp\/v2\/posts\/1429\/revisions"}],"predecessor-version":[{"id":1435,"href":"https:\/\/periodicolarepublica.com\/index.php\/wp-json\/wp\/v2\/posts\/1429\/revisions\/1435"}],"wp:featuredmedia":[{"embeddable":true,"href":"https:\/\/periodicolarepublica.com\/index.php\/wp-json\/wp\/v2\/media\/1434"}],"wp:attachment":[{"href":"https:\/\/periodicolarepublica.com\/index.php\/wp-json\/wp\/v2\/media?parent=1429"}],"wp:term":[{"taxonomy":"category","embeddable":true,"href":"https:\/\/periodicolarepublica.com\/index.php\/wp-json\/wp\/v2\/categories?post=1429"},{"taxonomy":"post_tag","embeddable":true,"href":"https:\/\/periodicolarepublica.com\/index.php\/wp-json\/wp\/v2\/tags?post=1429"}],"curies":[{"name":"wp","href":"https:\/\/api.w.org\/{rel}","templated":true}]}}