{"id":1433,"date":"2024-08-07T18:54:19","date_gmt":"2024-08-07T16:54:19","guid":{"rendered":"https:\/\/periodicolarepublica.com\/?p=1433"},"modified":"2024-08-07T18:54:19","modified_gmt":"2024-08-07T16:54:19","slug":"lanzamiento-del-programa-mas-salud-y-mas-esperanza-de-vida-por-parte-del-ministro-de-salud-publica-dr-victor-atallah","status":"publish","type":"post","link":"https:\/\/periodicolarepublica.com\/index.php\/2024\/08\/07\/lanzamiento-del-programa-mas-salud-y-mas-esperanza-de-vida-por-parte-del-ministro-de-salud-publica-dr-victor-atallah\/","title":{"rendered":"Lanzamiento del programa \u00abM\u00e1s salud y m\u00e1s esperanza de vida\u00bb por parte del Ministro de Salud P\u00fablica, Dr. V\u00edctor Atallah:"},"content":{"rendered":"\r\n<p><img loading=\"lazy\" decoding=\"async\" class=\"size-medium wp-image-1438 alignright\" src=\"https:\/\/periodicolarepublica.com\/wp-content\/uploads\/2024\/08\/454494627_18411312895076602_1317009174850411095_n-300x201.jpg\" alt=\"\" width=\"300\" height=\"201\" srcset=\"https:\/\/periodicolarepublica.com\/wp-content\/uploads\/2024\/08\/454494627_18411312895076602_1317009174850411095_n-300x201.jpg?v=1723049642 300w, https:\/\/periodicolarepublica.com\/wp-content\/uploads\/2024\/08\/454494627_18411312895076602_1317009174850411095_n-1024x685.jpg?v=1723049642 1024w, https:\/\/periodicolarepublica.com\/wp-content\/uploads\/2024\/08\/454494627_18411312895076602_1317009174850411095_n-768x513.jpg?v=1723049642 768w, https:\/\/periodicolarepublica.com\/wp-content\/uploads\/2024\/08\/454494627_18411312895076602_1317009174850411095_n-150x100.jpg?v=1723049642 150w, https:\/\/periodicolarepublica.com\/wp-content\/uploads\/2024\/08\/454494627_18411312895076602_1317009174850411095_n-600x401.jpg?v=1723049642 600w, https:\/\/periodicolarepublica.com\/wp-content\/uploads\/2024\/08\/454494627_18411312895076602_1317009174850411095_n-696x465.jpg?v=1723049642 696w, https:\/\/periodicolarepublica.com\/wp-content\/uploads\/2024\/08\/454494627_18411312895076602_1317009174850411095_n-1068x714.jpg?v=1723049642 1068w, https:\/\/periodicolarepublica.com\/wp-content\/uploads\/2024\/08\/454494627_18411312895076602_1317009174850411095_n.jpg?v=1723049642 1080w\" sizes=\"auto, (max-width: 300px) 100vw, 300px\" \/>El Ministro de Salud P\u00fablica, Dr. V\u00edctor Atallah, se ha embarcado en una gira nacional para lanzar el programa \u00abM\u00e1s salud y m\u00e1s esperanza de vida\u00bb. Este programa se enmarca dentro de la estrategia global \u00abHearts\u00bb promovida por la Organizaci\u00f3n Mundial de la Salud, con el objetivo de mejorar la salud cardiovascular de la poblaci\u00f3n.<br \/><br \/><br \/>El programa \u00abM\u00e1s salud y m\u00e1s esperanza de vida\u00bb busca abordar los principales factores de riesgo de enfermedades cardiovasculares, como la hipertensi\u00f3n, el colesterol elevado, el tabaquismo y la diabetes. A trav\u00e9s de una serie de iniciativas, el Ministro Atallah espera llegar a todos los rincones del pa\u00eds para informar, educar y empoderar a la poblaci\u00f3n en torno a la prevenci\u00f3n y el control de estas enfermedades.<br \/><br \/><br \/>Una de las piedras angulares del programa es la realizaci\u00f3n de campa\u00f1as de detecci\u00f3n temprana y control de la hipertensi\u00f3n arterial. El Ministro Atallah reconoce que la hipertensi\u00f3n es uno de los principales factores de riesgo cardiovascular y que, al ser asintom\u00e1tica en muchos casos, muchas personas desconocen su condici\u00f3n. Por ello, se llevar\u00e1n a cabo jornadas de tamizaje y seguimiento en los centros de salud de todo el pa\u00eds.<br \/><br \/><br \/>Adem\u00e1s de la hipertensi\u00f3n, el programa tambi\u00e9n har\u00e1 \u00e9nfasis en la reducci\u00f3n del consumo de tabaco y la promoci\u00f3n de estilos de vida saludables. Se trabajar\u00e1 en colaboraci\u00f3n con autoridades locales, organizaciones comunitarias y l\u00edderes de opini\u00f3n para llegar a la poblaci\u00f3n, especialmente a los grupos m\u00e1s vulnerables y de mayor riesgo.<br \/><br \/><br \/>Una de las estrategias clave del programa es la integraci\u00f3n de los servicios de salud, de modo que los pacientes puedan recibir un abordaje integral de sus factores de riesgo cardiovascular. Esto implica la coordinaci\u00f3n entre diferentes especialidades m\u00e9dicas, as\u00ed como la capacitaci\u00f3n del personal de salud para un manejo adecuado de estas enfermedades.<br \/><br \/><br \/>El Ministro Atallah ha destacado la importancia de la prevenci\u00f3n y la promoci\u00f3n de la salud como pilares fundamentales del programa \u00abM\u00e1s salud y m\u00e1s esperanza de vida\u00bb. Esto se traduce en la implementaci\u00f3n de campa\u00f1as informativas, la realizaci\u00f3n de ferias de salud y el fortalecimiento de los programas de educaci\u00f3n sanitaria en las escuelas y las comunidades.<br \/><br \/><br \/>Para garantizar el \u00e9xito del programa, el Ministro de Salud P\u00fablica ha enfatizado la necesidad de una estrecha colaboraci\u00f3n entre los diferentes actores del sistema de salud, incluyendo los gobiernos locales, las organizaciones de la sociedad civil y el sector privado. Solo a trav\u00e9s de un esfuerzo coordinado y multisectorial se podr\u00e1n lograr los objetivos de prevenci\u00f3n y control de las enfermedades cardiovasculares.<br \/><br \/><br \/>Uno de los retos clave del programa ser\u00e1 llegar a las poblaciones m\u00e1s remotas y de dif\u00edcil acceso, donde los servicios de salud suelen ser m\u00e1s escasos. Para ello, se pondr\u00e1 en marcha un plan de descentralizaci\u00f3n de los servicios y de fortalecimiento de la atenci\u00f3n primaria de salud, acercando los cuidados a las comunidades m\u00e1s necesitadas.<br \/><br \/><br \/>El Ministro Atallah tambi\u00e9n ha destacado la importancia de monitorear y evaluar constantemente los avances del programa \u00abM\u00e1s salud y m\u00e1s esperanza de vida\u00bb. Esto permitir\u00e1 hacer los ajustes necesarios, identificar buenas pr\u00e1cticas y garantizar que los recursos se est\u00e9n utilizando de manera eficiente y efectiva.<br \/><br \/><br \/>En general, el lanzamiento de este programa representa un esfuerzo integral y ambicioso del gobierno para mejorar la salud cardiovascular de la poblaci\u00f3n. Con un enfoque en la prevenci\u00f3n, la detecci\u00f3n temprana y el manejo integral de los factores de riesgo, el Ministro Atallah espera contribuir a la reducci\u00f3n de la carga de enfermedades cardiovasculares y, en \u00faltima instancia, a una mejor calidad de vida y mayor esperanza de vida de los ciudadanos.<\/p>\r\n","protected":false},"excerpt":{"rendered":"<p>El Ministro de Salud P\u00fablica, Dr. V\u00edctor Atallah, se ha embarcado en una gira nacional para lanzar el programa \u00abM\u00e1s salud y m\u00e1s esperanza de vida\u00bb. Este programa se enmarca dentro de la estrategia global \u00abHearts\u00bb promovida por la Organizaci\u00f3n Mundial de la Salud, con el objetivo de mejorar la salud cardiovascular de la poblaci\u00f3n. [&hellip;]<\/p>\n","protected":false},"author":6,"featured_media":1438,"comment_status":"open","ping_status":"open","sticky":false,"template":"","format":"standard","meta":{"om_disable_all_campaigns":false,"_monsterinsights_skip_tracking":false,"_monsterinsights_sitenote_active":false,"_monsterinsights_sitenote_note":"","_monsterinsights_sitenote_category":0,"footnotes":""},"categories":[1],"tags":[159],"class_list":{"0":"post-1433","1":"post","2":"type-post","3":"status-publish","4":"format-standard","5":"has-post-thumbnail","7":"category-nacionales","8":"tag-ministro-de-salud-publica-victor-atallah"},"aioseo_notices":[],"_links":{"self":[{"href":"https:\/\/periodicolarepublica.com\/index.php\/wp-json\/wp\/v2\/posts\/1433","targetHints":{"allow":["GET"]}}],"collection":[{"href":"https:\/\/periodicolarepublica.com\/index.php\/wp-json\/wp\/v2\/posts"}],"about":[{"href":"https:\/\/periodicolarepublica.com\/index.php\/wp-json\/wp\/v2\/types\/post"}],"author":[{"embeddable":true,"href":"https:\/\/periodicolarepublica.com\/index.php\/wp-json\/wp\/v2\/users\/6"}],"replies":[{"embeddable":true,"href":"https:\/\/periodicolarepublica.com\/index.php\/wp-json\/wp\/v2\/comments?post=1433"}],"version-history":[{"count":2,"href":"https:\/\/periodicolarepublica.com\/index.php\/wp-json\/wp\/v2\/posts\/1433\/revisions"}],"predecessor-version":[{"id":1439,"href":"https:\/\/periodicolarepublica.com\/index.php\/wp-json\/wp\/v2\/posts\/1433\/revisions\/1439"}],"wp:featuredmedia":[{"embeddable":true,"href":"https:\/\/periodicolarepublica.com\/index.php\/wp-json\/wp\/v2\/media\/1438"}],"wp:attachment":[{"href":"https:\/\/periodicolarepublica.com\/index.php\/wp-json\/wp\/v2\/media?parent=1433"}],"wp:term":[{"taxonomy":"category","embeddable":true,"href":"https:\/\/periodicolarepublica.com\/index.php\/wp-json\/wp\/v2\/categories?post=1433"},{"taxonomy":"post_tag","embeddable":true,"href":"https:\/\/periodicolarepublica.com\/index.php\/wp-json\/wp\/v2\/tags?post=1433"}],"curies":[{"name":"wp","href":"https:\/\/api.w.org\/{rel}","templated":true}]}}