{"id":1444,"date":"2024-08-08T17:29:08","date_gmt":"2024-08-08T15:29:08","guid":{"rendered":"https:\/\/periodicolarepublica.com\/?p=1444"},"modified":"2024-08-08T17:29:08","modified_gmt":"2024-08-08T15:29:08","slug":"reforma-constitucional-un-paso-fundamental-para-el-progreso-y-desarrollo-del-pais","status":"publish","type":"post","link":"https:\/\/periodicolarepublica.com\/index.php\/2024\/08\/08\/reforma-constitucional-un-paso-fundamental-para-el-progreso-y-desarrollo-del-pais\/","title":{"rendered":"Reforma Constitucional: Un paso fundamental para el progreso y desarrollo del pa\u00eds"},"content":{"rendered":"\r\n<p><img loading=\"lazy\" decoding=\"async\" class=\"size-medium wp-image-1451 alignright\" src=\"https:\/\/periodicolarepublica.com\/wp-content\/uploads\/2024\/08\/292855774_5112724192098737_9118242781074302202_n-300x200.jpg\" alt=\"\" width=\"300\" height=\"200\" srcset=\"https:\/\/periodicolarepublica.com\/wp-content\/uploads\/2024\/08\/292855774_5112724192098737_9118242781074302202_n-300x200.jpg?v=1723130931 300w, https:\/\/periodicolarepublica.com\/wp-content\/uploads\/2024\/08\/292855774_5112724192098737_9118242781074302202_n-1024x683.jpg?v=1723130931 1024w, https:\/\/periodicolarepublica.com\/wp-content\/uploads\/2024\/08\/292855774_5112724192098737_9118242781074302202_n-768x512.jpg?v=1723130931 768w, https:\/\/periodicolarepublica.com\/wp-content\/uploads\/2024\/08\/292855774_5112724192098737_9118242781074302202_n-150x100.jpg?v=1723130931 150w, https:\/\/periodicolarepublica.com\/wp-content\/uploads\/2024\/08\/292855774_5112724192098737_9118242781074302202_n-600x400.jpg?v=1723130931 600w, https:\/\/periodicolarepublica.com\/wp-content\/uploads\/2024\/08\/292855774_5112724192098737_9118242781074302202_n-696x464.jpg?v=1723130931 696w, https:\/\/periodicolarepublica.com\/wp-content\/uploads\/2024\/08\/292855774_5112724192098737_9118242781074302202_n-1068x712.jpg?v=1723130931 1068w, https:\/\/periodicolarepublica.com\/wp-content\/uploads\/2024\/08\/292855774_5112724192098737_9118242781074302202_n.jpg?v=1723130931 1080w\" sizes=\"auto, (max-width: 300px) 100vw, 300px\" \/>La Reforma Constitucional representa un hito hist\u00f3rico para nuestro pa\u00eds, al dotarlo de un marco legal s\u00f3lido y adaptado a los desaf\u00edos actuales y futuros. Expertos coinciden en que esta iniciativa sentar\u00e1 las bases para avanzar con determinaci\u00f3n hacia el progreso y desarrollo nacional. <br \/><br \/><br \/>La Reforma Constitucional ha sido ampliamente discutida y debatida a nivel nacional en los \u00faltimos meses. Seg\u00fan Tom\u00e1s Hern\u00e1ndez Alberto, \u201cconsidero que la Reforma Constitucional es un paso fundamental para dotar a nuestro pa\u00eds de un marco legal s\u00f3lido y adaptado a los desaf\u00edos del presente y el futuro. Una Constituci\u00f3n moderna y robusta nos permitir\u00e1 avanzar con determinaci\u00f3n hacia el progreso y el desarrollo nacional que todos anhelamos\u201d. <br \/><br \/>Los expertos se\u00f1alan que esta iniciativa modernizar\u00e1 y fortalecer\u00e1 nuestro ordenamiento jur\u00eddico, brindando mayor estabilidad, claridad y seguridad a instituciones, empresas y ciudadanos. Adem\u00e1s, permitir\u00e1 abordar de manera m\u00e1s efectiva temas clave como derechos humanos, descentralizaci\u00f3n, medio ambiente y lucha contra la corrupci\u00f3n. <br \/><br \/><br \/>La Reforma Constitucional se encuentra actualmente en proceso de discusi\u00f3n y se espera que una vez est\u00e9 lista sea llevada este pr\u00f3ximo 16 de agosto al congreso nacional, comience una etapa de implementaci\u00f3n gradual que involucre a todos los sectores de la sociedad.<\/p>\r\n","protected":false},"excerpt":{"rendered":"<p>La Reforma Constitucional representa un hito hist\u00f3rico para nuestro pa\u00eds, al dotarlo de un marco legal s\u00f3lido y adaptado a los desaf\u00edos actuales y futuros. Expertos coinciden en que esta iniciativa sentar\u00e1 las bases para avanzar con determinaci\u00f3n hacia el progreso y desarrollo nacional. La Reforma Constitucional ha sido ampliamente discutida y debatida a nivel [&hellip;]<\/p>\n","protected":false},"author":6,"featured_media":1451,"comment_status":"open","ping_status":"open","sticky":false,"template":"","format":"standard","meta":{"om_disable_all_campaigns":false,"_monsterinsights_skip_tracking":false,"_monsterinsights_sitenote_active":false,"_monsterinsights_sitenote_note":"","_monsterinsights_sitenote_category":0,"footnotes":""},"categories":[1],"tags":[163],"class_list":{"0":"post-1444","1":"post","2":"type-post","3":"status-publish","4":"format-standard","5":"has-post-thumbnail","7":"category-nacionales","8":"tag-tomas-hernandez-alberto"},"aioseo_notices":[],"_links":{"self":[{"href":"https:\/\/periodicolarepublica.com\/index.php\/wp-json\/wp\/v2\/posts\/1444","targetHints":{"allow":["GET"]}}],"collection":[{"href":"https:\/\/periodicolarepublica.com\/index.php\/wp-json\/wp\/v2\/posts"}],"about":[{"href":"https:\/\/periodicolarepublica.com\/index.php\/wp-json\/wp\/v2\/types\/post"}],"author":[{"embeddable":true,"href":"https:\/\/periodicolarepublica.com\/index.php\/wp-json\/wp\/v2\/users\/6"}],"replies":[{"embeddable":true,"href":"https:\/\/periodicolarepublica.com\/index.php\/wp-json\/wp\/v2\/comments?post=1444"}],"version-history":[{"count":2,"href":"https:\/\/periodicolarepublica.com\/index.php\/wp-json\/wp\/v2\/posts\/1444\/revisions"}],"predecessor-version":[{"id":1452,"href":"https:\/\/periodicolarepublica.com\/index.php\/wp-json\/wp\/v2\/posts\/1444\/revisions\/1452"}],"wp:featuredmedia":[{"embeddable":true,"href":"https:\/\/periodicolarepublica.com\/index.php\/wp-json\/wp\/v2\/media\/1451"}],"wp:attachment":[{"href":"https:\/\/periodicolarepublica.com\/index.php\/wp-json\/wp\/v2\/media?parent=1444"}],"wp:term":[{"taxonomy":"category","embeddable":true,"href":"https:\/\/periodicolarepublica.com\/index.php\/wp-json\/wp\/v2\/categories?post=1444"},{"taxonomy":"post_tag","embeddable":true,"href":"https:\/\/periodicolarepublica.com\/index.php\/wp-json\/wp\/v2\/tags?post=1444"}],"curies":[{"name":"wp","href":"https:\/\/api.w.org\/{rel}","templated":true}]}}