{"id":1450,"date":"2024-08-09T22:18:25","date_gmt":"2024-08-09T20:18:25","guid":{"rendered":"https:\/\/periodicolarepublica.com\/?p=1450"},"modified":"2024-08-09T22:18:25","modified_gmt":"2024-08-09T20:18:25","slug":"ministro-de-salud-lactancia-materna-reduce-el-riesgo-de-varias-enfermedades-en-los-bebes-y-las-madres","status":"publish","type":"post","link":"https:\/\/periodicolarepublica.com\/index.php\/2024\/08\/09\/ministro-de-salud-lactancia-materna-reduce-el-riesgo-de-varias-enfermedades-en-los-bebes-y-las-madres\/","title":{"rendered":"Ministro de Salud: \u00abLactancia materna reduce el riesgo de varias enfermedades en los beb\u00e9s y las madres\u00bb"},"content":{"rendered":"\r\n<p><img loading=\"lazy\" decoding=\"async\" class=\"size-medium wp-image-1455 alignright\" src=\"https:\/\/periodicolarepublica.com\/wp-content\/uploads\/2024\/08\/IMG-20240809-WA0067-300x207.jpg\" alt=\"\" width=\"300\" height=\"207\" srcset=\"https:\/\/periodicolarepublica.com\/wp-content\/uploads\/2024\/08\/IMG-20240809-WA0067-300x207.jpg?v=1723234664 300w, https:\/\/periodicolarepublica.com\/wp-content\/uploads\/2024\/08\/IMG-20240809-WA0067-1024x705.jpg?v=1723234664 1024w, https:\/\/periodicolarepublica.com\/wp-content\/uploads\/2024\/08\/IMG-20240809-WA0067-768x529.jpg?v=1723234664 768w, https:\/\/periodicolarepublica.com\/wp-content\/uploads\/2024\/08\/IMG-20240809-WA0067-1536x1058.jpg?v=1723234664 1536w, https:\/\/periodicolarepublica.com\/wp-content\/uploads\/2024\/08\/IMG-20240809-WA0067-150x103.jpg?v=1723234664 150w, https:\/\/periodicolarepublica.com\/wp-content\/uploads\/2024\/08\/IMG-20240809-WA0067-218x150.jpg?v=1723234664 218w, https:\/\/periodicolarepublica.com\/wp-content\/uploads\/2024\/08\/IMG-20240809-WA0067-436x300.jpg?v=1723234664 436w, https:\/\/periodicolarepublica.com\/wp-content\/uploads\/2024\/08\/IMG-20240809-WA0067-600x413.jpg?v=1723234664 600w, https:\/\/periodicolarepublica.com\/wp-content\/uploads\/2024\/08\/IMG-20240809-WA0067-696x479.jpg?v=1723234664 696w, https:\/\/periodicolarepublica.com\/wp-content\/uploads\/2024\/08\/IMG-20240809-WA0067-1392x959.jpg?v=1723234664 1392w, https:\/\/periodicolarepublica.com\/wp-content\/uploads\/2024\/08\/IMG-20240809-WA0067-1068x736.jpg?v=1723234664 1068w, https:\/\/periodicolarepublica.com\/wp-content\/uploads\/2024\/08\/IMG-20240809-WA0067-100x70.jpg?v=1723234664 100w, https:\/\/periodicolarepublica.com\/wp-content\/uploads\/2024\/08\/IMG-20240809-WA0067.jpg?v=1723234664 1600w\" sizes=\"auto, (max-width: 300px) 100vw, 300px\" \/>Conmemoran con simposio 75 aniversarios del INCAP y conclusi\u00f3n \u201cSemana Mundial de Llantica Materna\u201d<br \/><br \/>Santo Domingo-. El ministro de Salud, V\u00edctor Atallah resalt\u00f3 la importancia de la lactancia materna para disminuir infecciones respiratorias y otras enfermedades en los infantes, adem\u00e1s reducir en las madres el riesgo de contraer c\u00e1ncer de mama, de ovario y diabetes tipo 2.<br \/><br \/>Durante el simposio internacional \u201cLegado de la Nutrici\u00f3n en la Protecci\u00f3n de la Ni\u00f1ez\u201d realizado a prop\u00f3sito del 75 aniversario del Instituto de Nutrici\u00f3n de Centro Am\u00e9rica, Panam\u00e1 y la Rep\u00fablica Dominicana (INCAP), el funcionario indic\u00f3 que la lactancia materna es la forma natural e ideal de alimentar a nuestros hijos, porque proporciona los nutrientes necesarios para su crecimiento y desarrollo. <br \/><br \/>El ministro asegur\u00f3 que, \u201cAdem\u00e1s, fortalece el sistema inmunol\u00f3gico del ni\u00f1o, protegi\u00e9ndolo contra enfermedades comunes como infecciones respiratorias, diarreas y otras que pueden ser peligrosas en los primeros a\u00f1os de vida\u201d, agreg\u00f3. <br \/><br \/>Expres\u00f3 que la lactancia materna no es solo un acto de amor y conexi\u00f3n entre madre e hijo, sino tambi\u00e9n una pr\u00e1ctica esencial para el desarrollo saludable de los ni\u00f1os y el bienestar de las madres.<br \/><br \/>Atallah, dijo que, pese a los beneficios, las madres enfrentan desaf\u00edos para amamantar, principalmente de manera exclusiva durante seis meses, debido entre otras cosas, a la falta de informaci\u00f3n. \u201cPor eso, durante esta Semana de la \u201cLactancia Materna\u201d, hemos llamado a todos los sectores de la sociedad para que se unan en el apoyo a las madres lactantes, para superar juntos estos obst\u00e1culos\u201d. <br \/><br \/>Destac\u00f3 que el pa\u00eds tiene avances significativos en la eliminaci\u00f3n de la desnutrici\u00f3n infantil, fortalecimiento de programas de promoci\u00f3n de la lactancia materna exclusiva y la prevenci\u00f3n de enfermedades cr\u00f3nicas no transmisibles. <br \/><br \/>\u201cLas madres que amamantan tienen menos riesgos de padecer c\u00e1ncer de mama y ovarios, y esa acci\u00f3n es un factor protector contra la diabetes tipo 2 y la depresi\u00f3n postparto.<br \/>La actividad sirvi\u00f3 de culminaci\u00f3n a la \u201cSemana Mundial de Lactancia Materna\u201d que se celebr\u00f3 del 1 al 7 de agosto.<br \/><br \/>De su lado, el director del INCAP, Jos\u00e9 Ram\u00f3n C\u00e1ceres, present\u00f3 los logros obtenidos por ese organismo regional en cuanto a la reducci\u00f3n de la desnutrici\u00f3n y la mejor\u00eda de la alimentaci\u00f3n en naciones centroamericanas y Rep\u00fablica Dominicana. <br \/>Detall\u00f3 entre sus realizaciones \u201cla formaci\u00f3n y capacitaci\u00f3n de m\u00e1s de 200 nutricionistas, de investigaciones, elaboraci\u00f3n y divulgaci\u00f3n de informaciones sobre alimentos nutritivos, entre otras\u201d. <br \/><br \/>*Simposio*<br \/><br \/>Las conferencias presentadas fueron: Lactancia materna y su potencial para abordar la doble carga de la malnutrici\u00f3n a lo largo de la vida, nutrici\u00f3n temprana y su influencia en la prevenci\u00f3n de enfermedades cr\u00f3nicas no transmisibles, en la vida adulta, indicadores de la pr\u00e1ctica de lactancia materna en Rep\u00fablica Dominicana y pol\u00edticas p\u00fablicas que respaldan la lactancia materna. <br \/><br \/>En la activodad participaron, adem\u00e1s, Eladio P\u00e9rez, viceministro de Salud Colectiva, quien pronunci\u00f3 las palabras de bienvenida; de Asistencia Social, Raysa Bello, y de Garant\u00eda de la Calidad, Jos\u00e9 Antonio Matos, as\u00ed como el director de Apoyo a la Promoci\u00f3n y Educaci\u00f3n para la Salud, Miguel Bruj\u00e1n. La actividad fue organizada por de Ninette L\u00f3pez, coordinadora de la cooperaci\u00f3n t\u00e9cnica del INCAP en Rep\u00fablica Dominicana<\/p>\r\n","protected":false},"excerpt":{"rendered":"<p>Conmemoran con simposio 75 aniversarios del INCAP y conclusi\u00f3n \u201cSemana Mundial de Llantica Materna\u201d Santo Domingo-. El ministro de Salud, V\u00edctor Atallah resalt\u00f3 la importancia de la lactancia materna para disminuir infecciones respiratorias y otras enfermedades en los infantes, adem\u00e1s reducir en las madres el riesgo de contraer c\u00e1ncer de mama, de ovario y diabetes [&hellip;]<\/p>\n","protected":false},"author":6,"featured_media":1455,"comment_status":"open","ping_status":"open","sticky":false,"template":"","format":"standard","meta":{"om_disable_all_campaigns":false,"_monsterinsights_skip_tracking":false,"_monsterinsights_sitenote_active":false,"_monsterinsights_sitenote_note":"","_monsterinsights_sitenote_category":0,"footnotes":""},"categories":[1],"tags":[175,161],"class_list":{"0":"post-1450","1":"post","2":"type-post","3":"status-publish","4":"format-standard","5":"has-post-thumbnail","7":"category-nacionales","8":"tag-ministro-de-salud-publica","9":"tag-victor-atallah"},"aioseo_notices":[],"_links":{"self":[{"href":"https:\/\/periodicolarepublica.com\/index.php\/wp-json\/wp\/v2\/posts\/1450","targetHints":{"allow":["GET"]}}],"collection":[{"href":"https:\/\/periodicolarepublica.com\/index.php\/wp-json\/wp\/v2\/posts"}],"about":[{"href":"https:\/\/periodicolarepublica.com\/index.php\/wp-json\/wp\/v2\/types\/post"}],"author":[{"embeddable":true,"href":"https:\/\/periodicolarepublica.com\/index.php\/wp-json\/wp\/v2\/users\/6"}],"replies":[{"embeddable":true,"href":"https:\/\/periodicolarepublica.com\/index.php\/wp-json\/wp\/v2\/comments?post=1450"}],"version-history":[{"count":2,"href":"https:\/\/periodicolarepublica.com\/index.php\/wp-json\/wp\/v2\/posts\/1450\/revisions"}],"predecessor-version":[{"id":1456,"href":"https:\/\/periodicolarepublica.com\/index.php\/wp-json\/wp\/v2\/posts\/1450\/revisions\/1456"}],"wp:featuredmedia":[{"embeddable":true,"href":"https:\/\/periodicolarepublica.com\/index.php\/wp-json\/wp\/v2\/media\/1455"}],"wp:attachment":[{"href":"https:\/\/periodicolarepublica.com\/index.php\/wp-json\/wp\/v2\/media?parent=1450"}],"wp:term":[{"taxonomy":"category","embeddable":true,"href":"https:\/\/periodicolarepublica.com\/index.php\/wp-json\/wp\/v2\/categories?post=1450"},{"taxonomy":"post_tag","embeddable":true,"href":"https:\/\/periodicolarepublica.com\/index.php\/wp-json\/wp\/v2\/tags?post=1450"}],"curies":[{"name":"wp","href":"https:\/\/api.w.org\/{rel}","templated":true}]}}