{"id":1454,"date":"2024-08-12T18:04:44","date_gmt":"2024-08-12T16:04:44","guid":{"rendered":"https:\/\/periodicolarepublica.com\/?p=1454"},"modified":"2024-08-12T18:04:44","modified_gmt":"2024-08-12T16:04:44","slug":"el-dr-victor-atallah-un-ser-humano-lleno-de-nobleza-y-humildad","status":"publish","type":"post","link":"https:\/\/periodicolarepublica.com\/index.php\/2024\/08\/12\/el-dr-victor-atallah-un-ser-humano-lleno-de-nobleza-y-humildad\/","title":{"rendered":"El Dr. V\u00edctor Atallah, un ser humano lleno de nobleza y humildad,"},"content":{"rendered":"\r\n<p><img loading=\"lazy\" decoding=\"async\" class=\"size-medium wp-image-1459 alignright\" src=\"https:\/\/periodicolarepublica.com\/wp-content\/uploads\/2024\/08\/IMG_20240812_120249-300x300.jpg\" alt=\"\" width=\"300\" height=\"300\" srcset=\"https:\/\/periodicolarepublica.com\/wp-content\/uploads\/2024\/08\/IMG_20240812_120249-300x300.jpg?v=1723478663 300w, https:\/\/periodicolarepublica.com\/wp-content\/uploads\/2024\/08\/IMG_20240812_120249-150x150.jpg?v=1723478663 150w, https:\/\/periodicolarepublica.com\/wp-content\/uploads\/2024\/08\/IMG_20240812_120249.jpg?v=1723478663 399w\" sizes=\"auto, (max-width: 300px) 100vw, 300px\" \/><br \/><br \/><br \/><br \/>Santo Domingo &#8211; El Dr. V\u00edctor Atallah, un m\u00e9dico reconocido por su dedicaci\u00f3n y compromiso con la comunidad, se ha destacado como uno de los colaboradores m\u00e1s destacados de la Fundaci\u00f3n Rinc\u00f3n de Luz, una organizaci\u00f3n que se dedica a brindar asistencia a ni\u00f1os y ni\u00f1as de bajos recursos con condiciones especiales. <br \/><br \/>El Dr. Atallah, conocido por su nobleza y humildad, ha sido un pilar fundamental en la labor de la Fundaci\u00f3n, aportando no solo sus conocimientos m\u00e9dicos, sino tambi\u00e9n su coraz\u00f3n y su tiempo para hacer feliz a los ni\u00f1os que reciben el apoyo de esta noble instituci\u00f3n. <br \/><br \/>\u00abEl Dr. V\u00edctor Atallah es un ser humano extraordinario que ha dedicado gran parte de su vida a servir a los m\u00e1s necesitados. Su trabajo en la Fundaci\u00f3n Rinc\u00f3n de Luz es un verdadero ejemplo de generosidad y compromiso social\u00bb, expres\u00f3 La Fundaci\u00f3n <br \/><br \/>Gracias a la labor del Dr. Atallah y otros colaboradores, la Fundaci\u00f3n Rinc\u00f3n de Luz ha podido brindar atenci\u00f3n m\u00e9dica, educaci\u00f3n y apoyo emocional a cientos de ni\u00f1os y ni\u00f1as en situaci\u00f3n de vulnerabilidad, mejorando significativamente sus condiciones de vida y ofreci\u00e9ndoles la oportunidad de tener un futuro m\u00e1s prometedor. <br \/><br \/>La Fundaci\u00f3n Rinc\u00f3n de Luz y todos quienes forman parte de ella, agradecen profundamente la dedicaci\u00f3n y el aporte invaluable del Dr. V\u00edctor Atallah, un ser humano que inspira a la comunidad con su nobleza y su compromiso inquebrantable con los m\u00e1s necesitados.<\/p>\r\n","protected":false},"excerpt":{"rendered":"<p>Santo Domingo &#8211; El Dr. V\u00edctor Atallah, un m\u00e9dico reconocido por su dedicaci\u00f3n y compromiso con la comunidad, se ha destacado como uno de los colaboradores m\u00e1s destacados de la Fundaci\u00f3n Rinc\u00f3n de Luz, una organizaci\u00f3n que se dedica a brindar asistencia a ni\u00f1os y ni\u00f1as de bajos recursos con condiciones especiales. El Dr. Atallah, [&hellip;]<\/p>\n","protected":false},"author":6,"featured_media":1459,"comment_status":"open","ping_status":"open","sticky":false,"template":"","format":"standard","meta":{"om_disable_all_campaigns":false,"_monsterinsights_skip_tracking":false,"_monsterinsights_sitenote_active":false,"_monsterinsights_sitenote_note":"","_monsterinsights_sitenote_category":0,"footnotes":""},"categories":[1],"tags":[161],"class_list":{"0":"post-1454","1":"post","2":"type-post","3":"status-publish","4":"format-standard","5":"has-post-thumbnail","7":"category-nacionales","8":"tag-victor-atallah"},"aioseo_notices":[],"_links":{"self":[{"href":"https:\/\/periodicolarepublica.com\/index.php\/wp-json\/wp\/v2\/posts\/1454","targetHints":{"allow":["GET"]}}],"collection":[{"href":"https:\/\/periodicolarepublica.com\/index.php\/wp-json\/wp\/v2\/posts"}],"about":[{"href":"https:\/\/periodicolarepublica.com\/index.php\/wp-json\/wp\/v2\/types\/post"}],"author":[{"embeddable":true,"href":"https:\/\/periodicolarepublica.com\/index.php\/wp-json\/wp\/v2\/users\/6"}],"replies":[{"embeddable":true,"href":"https:\/\/periodicolarepublica.com\/index.php\/wp-json\/wp\/v2\/comments?post=1454"}],"version-history":[{"count":2,"href":"https:\/\/periodicolarepublica.com\/index.php\/wp-json\/wp\/v2\/posts\/1454\/revisions"}],"predecessor-version":[{"id":1460,"href":"https:\/\/periodicolarepublica.com\/index.php\/wp-json\/wp\/v2\/posts\/1454\/revisions\/1460"}],"wp:featuredmedia":[{"embeddable":true,"href":"https:\/\/periodicolarepublica.com\/index.php\/wp-json\/wp\/v2\/media\/1459"}],"wp:attachment":[{"href":"https:\/\/periodicolarepublica.com\/index.php\/wp-json\/wp\/v2\/media?parent=1454"}],"wp:term":[{"taxonomy":"category","embeddable":true,"href":"https:\/\/periodicolarepublica.com\/index.php\/wp-json\/wp\/v2\/categories?post=1454"},{"taxonomy":"post_tag","embeddable":true,"href":"https:\/\/periodicolarepublica.com\/index.php\/wp-json\/wp\/v2\/tags?post=1454"}],"curies":[{"name":"wp","href":"https:\/\/api.w.org\/{rel}","templated":true}]}}