{"id":1462,"date":"2024-08-16T00:11:36","date_gmt":"2024-08-15T22:11:36","guid":{"rendered":"https:\/\/periodicolarepublica.com\/?p=1462"},"modified":"2024-08-16T00:11:36","modified_gmt":"2024-08-15T22:11:36","slug":"gobierno-de-luis-abinader-inicia-segundo-mandato-con-cambios-graduales-en-altos-cargos","status":"publish","type":"post","link":"https:\/\/periodicolarepublica.com\/index.php\/2024\/08\/16\/gobierno-de-luis-abinader-inicia-segundo-mandato-con-cambios-graduales-en-altos-cargos\/","title":{"rendered":"Gobierno de Luis Abinader inicia segundo mandato con cambios graduales en altos cargos"},"content":{"rendered":"\r\n<p><img loading=\"lazy\" decoding=\"async\" class=\"size-medium wp-image-1467 alignright\" src=\"https:\/\/periodicolarepublica.com\/wp-content\/uploads\/2024\/08\/IMG-20240815-WA0092-300x195.jpg\" alt=\"\" width=\"300\" height=\"195\" srcset=\"https:\/\/periodicolarepublica.com\/wp-content\/uploads\/2024\/08\/IMG-20240815-WA0092-300x195.jpg?v=1723759859 300w, https:\/\/periodicolarepublica.com\/wp-content\/uploads\/2024\/08\/IMG-20240815-WA0092-150x97.jpg?v=1723759859 150w, https:\/\/periodicolarepublica.com\/wp-content\/uploads\/2024\/08\/IMG-20240815-WA0092-600x390.jpg?v=1723759859 600w, https:\/\/periodicolarepublica.com\/wp-content\/uploads\/2024\/08\/IMG-20240815-WA0092.jpg?v=1723759859 682w\" sizes=\"auto, (max-width: 300px) 100vw, 300px\" \/>Santo Domingo &#8211; A pocas horas de iniciar su segundo mandato como Presidente de la Rep\u00fablica Dominicana, el gobierno del Se\u00f1or Luis Abinader comienza a realizar cambios en altos cargos, aunque a un ritmo m\u00e1s lento de lo que el pa\u00eds esperaba.<br \/><br \/>En este sentido, el pa\u00eds espera que el Presidente Abinader nombre a funcionarios comprometidos con el desarrollo nacional, como el Ingeniero Tom\u00e1s Hern\u00e1ndez Alberto y el Ingeniero Ram\u00f3n Alburquerque Guido G\u00f3mez, quienes han trabajado por la continuidad del gobierno.<br \/><br \/>\u00abEs importante que el Presidente Abinader escuche las expectativas del pueblo dominicano y nombre a los mejores cuadros para dirigir las diferentes instituciones del Estado\u00bb, se\u00f1al\u00f3 un analista pol\u00edtico consultado.<br \/><br \/>Durante su primer mandato, el Presidente Abinader impuls\u00f3 importantes reformas y programas sociales. Se espera que en este segundo per\u00edodo contin\u00fae fortaleciendo las pol\u00edticas p\u00fablicas en \u00e1reas clave como infraestructura, educaci\u00f3n, salud y desarrollo econ\u00f3mico.<\/p>\r\n","protected":false},"excerpt":{"rendered":"<p>Santo Domingo &#8211; A pocas horas de iniciar su segundo mandato como Presidente de la Rep\u00fablica Dominicana, el gobierno del Se\u00f1or Luis Abinader comienza a realizar cambios en altos cargos, aunque a un ritmo m\u00e1s lento de lo que el pa\u00eds esperaba. En este sentido, el pa\u00eds espera que el Presidente Abinader nombre a funcionarios [&hellip;]<\/p>\n","protected":false},"author":6,"featured_media":1467,"comment_status":"open","ping_status":"open","sticky":false,"template":"","format":"standard","meta":{"om_disable_all_campaigns":false,"_monsterinsights_skip_tracking":false,"_monsterinsights_sitenote_active":false,"_monsterinsights_sitenote_note":"","_monsterinsights_sitenote_category":0,"footnotes":""},"categories":[1],"tags":[291],"class_list":{"0":"post-1462","1":"post","2":"type-post","3":"status-publish","4":"format-standard","5":"has-post-thumbnail","7":"category-nacionales","8":"tag-presidencia-dominicana"},"aioseo_notices":[],"_links":{"self":[{"href":"https:\/\/periodicolarepublica.com\/index.php\/wp-json\/wp\/v2\/posts\/1462","targetHints":{"allow":["GET"]}}],"collection":[{"href":"https:\/\/periodicolarepublica.com\/index.php\/wp-json\/wp\/v2\/posts"}],"about":[{"href":"https:\/\/periodicolarepublica.com\/index.php\/wp-json\/wp\/v2\/types\/post"}],"author":[{"embeddable":true,"href":"https:\/\/periodicolarepublica.com\/index.php\/wp-json\/wp\/v2\/users\/6"}],"replies":[{"embeddable":true,"href":"https:\/\/periodicolarepublica.com\/index.php\/wp-json\/wp\/v2\/comments?post=1462"}],"version-history":[{"count":2,"href":"https:\/\/periodicolarepublica.com\/index.php\/wp-json\/wp\/v2\/posts\/1462\/revisions"}],"predecessor-version":[{"id":1468,"href":"https:\/\/periodicolarepublica.com\/index.php\/wp-json\/wp\/v2\/posts\/1462\/revisions\/1468"}],"wp:featuredmedia":[{"embeddable":true,"href":"https:\/\/periodicolarepublica.com\/index.php\/wp-json\/wp\/v2\/media\/1467"}],"wp:attachment":[{"href":"https:\/\/periodicolarepublica.com\/index.php\/wp-json\/wp\/v2\/media?parent=1462"}],"wp:term":[{"taxonomy":"category","embeddable":true,"href":"https:\/\/periodicolarepublica.com\/index.php\/wp-json\/wp\/v2\/categories?post=1462"},{"taxonomy":"post_tag","embeddable":true,"href":"https:\/\/periodicolarepublica.com\/index.php\/wp-json\/wp\/v2\/tags?post=1462"}],"curies":[{"name":"wp","href":"https:\/\/api.w.org\/{rel}","templated":true}]}}