{"id":1466,"date":"2024-08-17T16:52:20","date_gmt":"2024-08-17T14:52:20","guid":{"rendered":"https:\/\/periodicolarepublica.com\/?p=1466"},"modified":"2024-08-17T16:52:20","modified_gmt":"2024-08-17T14:52:20","slug":"politologo-tomas-hernandez-alberto-la-reforma-fiscal-es-una-necesidad-nacional","status":"publish","type":"post","link":"https:\/\/periodicolarepublica.com\/index.php\/2024\/08\/17\/politologo-tomas-hernandez-alberto-la-reforma-fiscal-es-una-necesidad-nacional\/","title":{"rendered":"Polit\u00f3logo Tom\u00e1s Hern\u00e1ndez Alberto: \u00abLa reforma fiscal es una necesidad nacional\u00bb"},"content":{"rendered":"\r\n<p><img loading=\"lazy\" decoding=\"async\" class=\"size-medium wp-image-1477 alignright\" src=\"https:\/\/periodicolarepublica.com\/wp-content\/uploads\/2024\/08\/IMG-20240817-WA0035-240x300.jpg\" alt=\"\" width=\"240\" height=\"300\" srcset=\"https:\/\/periodicolarepublica.com\/wp-content\/uploads\/2024\/08\/IMG-20240817-WA0035-240x300.jpg?v=1723906321 240w, https:\/\/periodicolarepublica.com\/wp-content\/uploads\/2024\/08\/IMG-20240817-WA0035-150x187.jpg?v=1723906321 150w, https:\/\/periodicolarepublica.com\/wp-content\/uploads\/2024\/08\/IMG-20240817-WA0035-300x375.jpg?v=1723906321 300w, https:\/\/periodicolarepublica.com\/wp-content\/uploads\/2024\/08\/IMG-20240817-WA0035-600x749.jpg?v=1723906321 600w, https:\/\/periodicolarepublica.com\/wp-content\/uploads\/2024\/08\/IMG-20240817-WA0035.jpg?v=1723906321 659w\" sizes=\"auto, (max-width: 240px) 100vw, 240px\" \/><br \/><br \/>Santo Domingo.-\u00a0El presidente del\u00a0Movimiento pol\u00edtico Poder PA\u2019L Pueblo,\u00a0Tom\u00e1s Hern\u00e1ndez Alberto, manifest\u00f3 este viernes que la\u00a0reforma fiscal\u00a0es una necesidad en la Rep\u00fablica Dominicana, por el nivel de endeudamiento en que dej\u00f3 el Partido de la Liberaci\u00f3n Dominicana (PLD) el pa\u00eds.<br \/><br \/>\u00abNadie puede oponerse a una reforma fiscal sobre la base de que no accion\u00f3 a favor de la reforma fiscal. Ahora es una cuesti\u00f3n de necesidad nacional\u00bb, expres\u00f3 el destacado polit\u00f3logo.<br \/><br \/>Asimismo, aclar\u00f3 durante su participaci\u00f3n en la transmisi\u00f3n especial de\u00a0De \u00datimo Minuto\u00a0por la toma de posesi\u00f3n del mandatario Abinader, que est\u00e1 de acuerdo en que el que\u00a0\u00abgana m\u00e1s, es quien debe pagar m\u00e1s\u00bb.<br \/><br \/>En otro orden, habl\u00f3 en cuanto a la justicia del pa\u00eds, destacando que esta no es independiente y que el presidente Luis Abinader est\u00e1 tratando de someter las modificaciones necesarias para que se logre.<br \/><br \/>Dijo, adem\u00e1s, que durante 20 a\u00f1os el\u00a0Partido de la Liberaci\u00f3n Dominicana (PLD)\u00a0coloc\u00f3 al frente del\u00a0Ministerio P\u00fablico\u00a0a dirigentes pol\u00edticos.<\/p>\r\n","protected":false},"excerpt":{"rendered":"<p>Santo Domingo.-\u00a0El presidente del\u00a0Movimiento pol\u00edtico Poder PA\u2019L Pueblo,\u00a0Tom\u00e1s Hern\u00e1ndez Alberto, manifest\u00f3 este viernes que la\u00a0reforma fiscal\u00a0es una necesidad en la Rep\u00fablica Dominicana, por el nivel de endeudamiento en que dej\u00f3 el Partido de la Liberaci\u00f3n Dominicana (PLD) el pa\u00eds. \u00abNadie puede oponerse a una reforma fiscal sobre la base de que no accion\u00f3 a favor [&hellip;]<\/p>\n","protected":false},"author":6,"featured_media":1477,"comment_status":"open","ping_status":"open","sticky":false,"template":"","format":"standard","meta":{"om_disable_all_campaigns":false,"_monsterinsights_skip_tracking":false,"_monsterinsights_sitenote_active":false,"_monsterinsights_sitenote_note":"","_monsterinsights_sitenote_category":0,"footnotes":""},"categories":[1],"tags":[163],"class_list":{"0":"post-1466","1":"post","2":"type-post","3":"status-publish","4":"format-standard","5":"has-post-thumbnail","7":"category-nacionales","8":"tag-tomas-hernandez-alberto"},"aioseo_notices":[],"_links":{"self":[{"href":"https:\/\/periodicolarepublica.com\/index.php\/wp-json\/wp\/v2\/posts\/1466","targetHints":{"allow":["GET"]}}],"collection":[{"href":"https:\/\/periodicolarepublica.com\/index.php\/wp-json\/wp\/v2\/posts"}],"about":[{"href":"https:\/\/periodicolarepublica.com\/index.php\/wp-json\/wp\/v2\/types\/post"}],"author":[{"embeddable":true,"href":"https:\/\/periodicolarepublica.com\/index.php\/wp-json\/wp\/v2\/users\/6"}],"replies":[{"embeddable":true,"href":"https:\/\/periodicolarepublica.com\/index.php\/wp-json\/wp\/v2\/comments?post=1466"}],"version-history":[{"count":2,"href":"https:\/\/periodicolarepublica.com\/index.php\/wp-json\/wp\/v2\/posts\/1466\/revisions"}],"predecessor-version":[{"id":1478,"href":"https:\/\/periodicolarepublica.com\/index.php\/wp-json\/wp\/v2\/posts\/1466\/revisions\/1478"}],"wp:featuredmedia":[{"embeddable":true,"href":"https:\/\/periodicolarepublica.com\/index.php\/wp-json\/wp\/v2\/media\/1477"}],"wp:attachment":[{"href":"https:\/\/periodicolarepublica.com\/index.php\/wp-json\/wp\/v2\/media?parent=1466"}],"wp:term":[{"taxonomy":"category","embeddable":true,"href":"https:\/\/periodicolarepublica.com\/index.php\/wp-json\/wp\/v2\/categories?post=1466"},{"taxonomy":"post_tag","embeddable":true,"href":"https:\/\/periodicolarepublica.com\/index.php\/wp-json\/wp\/v2\/tags?post=1466"}],"curies":[{"name":"wp","href":"https:\/\/api.w.org\/{rel}","templated":true}]}}