{"id":1469,"date":"2024-08-17T01:51:23","date_gmt":"2024-08-16T23:51:23","guid":{"rendered":"https:\/\/periodicolarepublica.com\/?p=1469"},"modified":"2024-08-17T01:51:23","modified_gmt":"2024-08-16T23:51:23","slug":"senado-deja-iniciados-trabajos-segunda-legislatura-ordinaria","status":"publish","type":"post","link":"https:\/\/periodicolarepublica.com\/index.php\/2024\/08\/17\/senado-deja-iniciados-trabajos-segunda-legislatura-ordinaria\/","title":{"rendered":"Senado deja iniciados trabajos segunda legislatura ordinaria"},"content":{"rendered":"<p><img loading=\"lazy\" decoding=\"async\" class=\"alignnone size-medium wp-image-1470\" src=\"https:\/\/periodicolarepublica.com\/wp-content\/uploads\/2024\/08\/FOTO-1-300x200.jpg\" alt=\"\" width=\"300\" height=\"200\" srcset=\"https:\/\/periodicolarepublica.com\/wp-content\/uploads\/2024\/08\/FOTO-1-300x200.jpg?v=1723852207 300w, https:\/\/periodicolarepublica.com\/wp-content\/uploads\/2024\/08\/FOTO-1-1024x681.jpg?v=1723852207 1024w, https:\/\/periodicolarepublica.com\/wp-content\/uploads\/2024\/08\/FOTO-1-768x511.jpg?v=1723852207 768w, https:\/\/periodicolarepublica.com\/wp-content\/uploads\/2024\/08\/FOTO-1-1536x1022.jpg?v=1723852207 1536w, https:\/\/periodicolarepublica.com\/wp-content\/uploads\/2024\/08\/FOTO-1-2048x1362.jpg?v=1723852207 2048w, https:\/\/periodicolarepublica.com\/wp-content\/uploads\/2024\/08\/FOTO-1-150x100.jpg?v=1723852207 150w, https:\/\/periodicolarepublica.com\/wp-content\/uploads\/2024\/08\/FOTO-1-600x399.jpg?v=1723852207 600w, https:\/\/periodicolarepublica.com\/wp-content\/uploads\/2024\/08\/FOTO-1-696x463.jpg?v=1723852207 696w, https:\/\/periodicolarepublica.com\/wp-content\/uploads\/2024\/08\/FOTO-1-1392x926.jpg?v=1723852207 1392w, https:\/\/periodicolarepublica.com\/wp-content\/uploads\/2024\/08\/FOTO-1-1068x710.jpg?v=1723852207 1068w, https:\/\/periodicolarepublica.com\/wp-content\/uploads\/2024\/08\/FOTO-1-1920x1277.jpg?v=1723852207 1920w\" sizes=\"auto, (max-width: 300px) 100vw, 300px\" \/>Santo Domingo. &#8211; El Senado de la Rep\u00fablica dej\u00f3 conformado su Bufete Directivo para el per\u00edodo legislativo 2024-2025, y dio apertura a los trabajos de la Segunda Legislatura Ordinaria del a\u00f1o, al conmemorarse el 161 aniversario de la Restauraci\u00f3n de la Rep\u00fablica.<\/p>\n<p>El nuevo Bufete Directivo del Senado est\u00e1 integrado por los senadores Ricardo de los Santos, presidente; Pedro Catrain Bonilla, vicepresidente; L\u00eda D\u00edaz de D\u00edaz, y Aracelis Villanueva, secretaria.<\/p>\n<p>Ricardo de los Santos, presidente de la C\u00e1mara Alta y senador de la provincia S\u00e1nchez Ram\u00edrez, asegur\u00f3 que la C\u00e1mara Alta, realizar\u00e1 un trabajo en equipo asumiendo el rol de cumplir y hacer cumplir la constituci\u00f3n dominicana y las leyes.<\/p>\n","protected":false},"excerpt":{"rendered":"<p>Santo Domingo. &#8211; El Senado de la Rep\u00fablica dej\u00f3 conformado su Bufete Directivo para el per\u00edodo legislativo 2024-2025, y dio apertura a los trabajos de la Segunda Legislatura Ordinaria del a\u00f1o, al conmemorarse el 161 aniversario de la Restauraci\u00f3n de la Rep\u00fablica. El nuevo Bufete Directivo del Senado est\u00e1 integrado por los senadores Ricardo de [&hellip;]<\/p>\n","protected":false},"author":6,"featured_media":1470,"comment_status":"open","ping_status":"open","sticky":false,"template":"","format":"standard","meta":{"om_disable_all_campaigns":false,"_monsterinsights_skip_tracking":false,"_monsterinsights_sitenote_active":false,"_monsterinsights_sitenote_note":"","_monsterinsights_sitenote_category":0,"footnotes":""},"categories":[1],"tags":[],"class_list":{"0":"post-1469","1":"post","2":"type-post","3":"status-publish","4":"format-standard","5":"has-post-thumbnail","7":"category-nacionales"},"aioseo_notices":[],"_links":{"self":[{"href":"https:\/\/periodicolarepublica.com\/index.php\/wp-json\/wp\/v2\/posts\/1469","targetHints":{"allow":["GET"]}}],"collection":[{"href":"https:\/\/periodicolarepublica.com\/index.php\/wp-json\/wp\/v2\/posts"}],"about":[{"href":"https:\/\/periodicolarepublica.com\/index.php\/wp-json\/wp\/v2\/types\/post"}],"author":[{"embeddable":true,"href":"https:\/\/periodicolarepublica.com\/index.php\/wp-json\/wp\/v2\/users\/6"}],"replies":[{"embeddable":true,"href":"https:\/\/periodicolarepublica.com\/index.php\/wp-json\/wp\/v2\/comments?post=1469"}],"version-history":[{"count":1,"href":"https:\/\/periodicolarepublica.com\/index.php\/wp-json\/wp\/v2\/posts\/1469\/revisions"}],"predecessor-version":[{"id":1471,"href":"https:\/\/periodicolarepublica.com\/index.php\/wp-json\/wp\/v2\/posts\/1469\/revisions\/1471"}],"wp:featuredmedia":[{"embeddable":true,"href":"https:\/\/periodicolarepublica.com\/index.php\/wp-json\/wp\/v2\/media\/1470"}],"wp:attachment":[{"href":"https:\/\/periodicolarepublica.com\/index.php\/wp-json\/wp\/v2\/media?parent=1469"}],"wp:term":[{"taxonomy":"category","embeddable":true,"href":"https:\/\/periodicolarepublica.com\/index.php\/wp-json\/wp\/v2\/categories?post=1469"},{"taxonomy":"post_tag","embeddable":true,"href":"https:\/\/periodicolarepublica.com\/index.php\/wp-json\/wp\/v2\/tags?post=1469"}],"curies":[{"name":"wp","href":"https:\/\/api.w.org\/{rel}","templated":true}]}}