{"id":1472,"date":"2024-08-17T02:10:52","date_gmt":"2024-08-17T00:10:52","guid":{"rendered":"https:\/\/periodicolarepublica.com\/?p=1472"},"modified":"2024-08-17T02:10:52","modified_gmt":"2024-08-17T00:10:52","slug":"raquel-pena-consolidacion-de-liderazgo-y-continuidad-en-segundo-mandato-luis-abinader","status":"publish","type":"post","link":"https:\/\/periodicolarepublica.com\/index.php\/2024\/08\/17\/raquel-pena-consolidacion-de-liderazgo-y-continuidad-en-segundo-mandato-luis-abinader\/","title":{"rendered":"Raquel Pe\u00f1a: Consolidaci\u00f3n de Liderazgo y Continuidad en Segundo Mandato Luis Abinader"},"content":{"rendered":"<p style=\"text-align: left;\">Con el inicio del segundo mandato de Luis Abinader acompa\u00f1ado de la vicepresidenta de la Rep\u00fablica Dominicana, Raquel Pe\u00f1a, se encuentra en una posici\u00f3n privilegiada para continuar desenvolviendo su papel como una de las figuras m\u00e1s influyentes y comprometidas en el gobierno.<\/p>\n<p><img loading=\"lazy\" decoding=\"async\" class=\"alignnone size-medium wp-image-1473\" src=\"https:\/\/periodicolarepublica.com\/wp-content\/uploads\/2024\/08\/Picsart_24-08-16_19-14-43-733-300x195.jpg\" alt=\"\" width=\"300\" height=\"195\" srcset=\"https:\/\/periodicolarepublica.com\/wp-content\/uploads\/2024\/08\/Picsart_24-08-16_19-14-43-733-300x195.jpg?v=1723853261 300w, https:\/\/periodicolarepublica.com\/wp-content\/uploads\/2024\/08\/Picsart_24-08-16_19-14-43-733-1024x664.jpg?v=1723853261 1024w, https:\/\/periodicolarepublica.com\/wp-content\/uploads\/2024\/08\/Picsart_24-08-16_19-14-43-733-768x498.jpg?v=1723853261 768w, https:\/\/periodicolarepublica.com\/wp-content\/uploads\/2024\/08\/Picsart_24-08-16_19-14-43-733-1536x996.jpg?v=1723853261 1536w, https:\/\/periodicolarepublica.com\/wp-content\/uploads\/2024\/08\/Picsart_24-08-16_19-14-43-733-150x97.jpg?v=1723853261 150w, https:\/\/periodicolarepublica.com\/wp-content\/uploads\/2024\/08\/Picsart_24-08-16_19-14-43-733-600x389.jpg?v=1723853261 600w, https:\/\/periodicolarepublica.com\/wp-content\/uploads\/2024\/08\/Picsart_24-08-16_19-14-43-733-696x451.jpg?v=1723853261 696w, https:\/\/periodicolarepublica.com\/wp-content\/uploads\/2024\/08\/Picsart_24-08-16_19-14-43-733-1392x903.jpg?v=1723853261 1392w, https:\/\/periodicolarepublica.com\/wp-content\/uploads\/2024\/08\/Picsart_24-08-16_19-14-43-733-1068x693.jpg?v=1723853261 1068w, https:\/\/periodicolarepublica.com\/wp-content\/uploads\/2024\/08\/Picsart_24-08-16_19-14-43-733.jpg?v=1723853261 1665w\" sizes=\"auto, (max-width: 300px) 100vw, 300px\" \/><\/p>\n<p style=\"text-align: left;\">En el primer mandato junto Abinader, estuvo marcado por un enfoque centrado en la salud p\u00fablica, la educaci\u00f3n, y la inclusi\u00f3n social.<\/p>\n<p style=\"text-align: left;\">Desde que asumi\u00f3 el cargo junto al presidente en el 2020, Raquel Pe\u00f1a ha desempe\u00f1ado un papel vital en la gesti\u00f3n de la crisis causada por la pandemia de COVID-19. Como coordinadora del Gabinete de Salud, Pe\u00f1a lider\u00f3 esfuerzos para garantizar la vacunaci\u00f3n de la poblaci\u00f3n y la implementaci\u00f3n de medidas sanitarias efectivas.<\/p>\n<p style=\"text-align: left;\">En esta nueva etapa, se espera que la vicepresidenta contin\u00fae trabajando de la mano con el presidente Abinader para abordar los desaf\u00edos m\u00e1s apremiantes que enfrenta el pa\u00eds.<\/p>\n<p style=\"text-align: left;\">El inicio de este segundo mandato no solo representa una continuaci\u00f3n de su trabajo, sino tambi\u00e9n un aumento significativo en su influencia pol\u00edtica.<\/p>\n<p style=\"text-align: left;\">Su cercan\u00eda con el presidente Abinader y su capacidad para construir alianzas a lo largo y ancho del ambito pol\u00edtico han elevado su perfil y la han convertido en una figura clave dentro del Partido Revolucionario Moderno (PRM) y en la esfera pol\u00edtica del pa\u00eds.<\/p>\n<p style=\"text-align: left;\">En un momento en que la pol\u00edtica dominicana atraviesa tiempos de transformaci\u00f3n, la vicepresidenta Raquel Pe\u00f1a se destaca como una figura de estabilidad y progreso. Su legado, en continuo crecimiento, es una prueba de que el liderazgo aut\u00e9ntico puede marcar la diferencia en la de los dominicanos.<\/p>\n","protected":false},"excerpt":{"rendered":"<p>Con el inicio del segundo mandato de Luis Abinader acompa\u00f1ado de la vicepresidenta de la Rep\u00fablica Dominicana, Raquel Pe\u00f1a, se encuentra en una posici\u00f3n privilegiada para continuar desenvolviendo su papel como una de las figuras m\u00e1s influyentes y comprometidas en el gobierno. En el primer mandato junto Abinader, estuvo marcado por un enfoque centrado en [&hellip;]<\/p>\n","protected":false},"author":1,"featured_media":1473,"comment_status":"open","ping_status":"open","sticky":false,"template":"","format":"standard","meta":{"om_disable_all_campaigns":false,"_monsterinsights_skip_tracking":false,"_monsterinsights_sitenote_active":false,"_monsterinsights_sitenote_note":"","_monsterinsights_sitenote_category":0,"footnotes":""},"categories":[1],"tags":[144],"class_list":{"0":"post-1472","1":"post","2":"type-post","3":"status-publish","4":"format-standard","5":"has-post-thumbnail","7":"category-nacionales","8":"tag-raquel-pena"},"aioseo_notices":[],"_links":{"self":[{"href":"https:\/\/periodicolarepublica.com\/index.php\/wp-json\/wp\/v2\/posts\/1472","targetHints":{"allow":["GET"]}}],"collection":[{"href":"https:\/\/periodicolarepublica.com\/index.php\/wp-json\/wp\/v2\/posts"}],"about":[{"href":"https:\/\/periodicolarepublica.com\/index.php\/wp-json\/wp\/v2\/types\/post"}],"author":[{"embeddable":true,"href":"https:\/\/periodicolarepublica.com\/index.php\/wp-json\/wp\/v2\/users\/1"}],"replies":[{"embeddable":true,"href":"https:\/\/periodicolarepublica.com\/index.php\/wp-json\/wp\/v2\/comments?post=1472"}],"version-history":[{"count":1,"href":"https:\/\/periodicolarepublica.com\/index.php\/wp-json\/wp\/v2\/posts\/1472\/revisions"}],"predecessor-version":[{"id":1474,"href":"https:\/\/periodicolarepublica.com\/index.php\/wp-json\/wp\/v2\/posts\/1472\/revisions\/1474"}],"wp:featuredmedia":[{"embeddable":true,"href":"https:\/\/periodicolarepublica.com\/index.php\/wp-json\/wp\/v2\/media\/1473"}],"wp:attachment":[{"href":"https:\/\/periodicolarepublica.com\/index.php\/wp-json\/wp\/v2\/media?parent=1472"}],"wp:term":[{"taxonomy":"category","embeddable":true,"href":"https:\/\/periodicolarepublica.com\/index.php\/wp-json\/wp\/v2\/categories?post=1472"},{"taxonomy":"post_tag","embeddable":true,"href":"https:\/\/periodicolarepublica.com\/index.php\/wp-json\/wp\/v2\/tags?post=1472"}],"curies":[{"name":"wp","href":"https:\/\/api.w.org\/{rel}","templated":true}]}}