{"id":1476,"date":"2024-08-17T22:26:31","date_gmt":"2024-08-17T20:26:31","guid":{"rendered":"https:\/\/periodicolarepublica.com\/?p=1476"},"modified":"2024-08-17T22:26:31","modified_gmt":"2024-08-17T20:26:31","slug":"atallah-agradece-abinader-su-confirmacion-como-ministro-de-salud-publica","status":"publish","type":"post","link":"https:\/\/periodicolarepublica.com\/index.php\/2024\/08\/17\/atallah-agradece-abinader-su-confirmacion-como-ministro-de-salud-publica\/","title":{"rendered":"Atallah agradece Abinader su confirmaci\u00f3n como Ministro de Salud P\u00fablica"},"content":{"rendered":"\r\n<p><img loading=\"lazy\" decoding=\"async\" class=\"size-medium wp-image-1481 alignright\" src=\"https:\/\/periodicolarepublica.com\/wp-content\/uploads\/2024\/08\/SaveInsta.App_452259308_18443472037007955_5279267117598401120_n-300x248.jpg\" alt=\"\" width=\"300\" height=\"248\" srcset=\"https:\/\/periodicolarepublica.com\/wp-content\/uploads\/2024\/08\/SaveInsta.App_452259308_18443472037007955_5279267117598401120_n-300x248.jpg?v=1723926372 300w, https:\/\/periodicolarepublica.com\/wp-content\/uploads\/2024\/08\/SaveInsta.App_452259308_18443472037007955_5279267117598401120_n-1024x846.jpg?v=1723926372 1024w, https:\/\/periodicolarepublica.com\/wp-content\/uploads\/2024\/08\/SaveInsta.App_452259308_18443472037007955_5279267117598401120_n-768x634.jpg?v=1723926372 768w, https:\/\/periodicolarepublica.com\/wp-content\/uploads\/2024\/08\/SaveInsta.App_452259308_18443472037007955_5279267117598401120_n-150x124.jpg?v=1723926372 150w, https:\/\/periodicolarepublica.com\/wp-content\/uploads\/2024\/08\/SaveInsta.App_452259308_18443472037007955_5279267117598401120_n-600x496.jpg?v=1723926372 600w, https:\/\/periodicolarepublica.com\/wp-content\/uploads\/2024\/08\/SaveInsta.App_452259308_18443472037007955_5279267117598401120_n-696x575.jpg?v=1723926372 696w, https:\/\/periodicolarepublica.com\/wp-content\/uploads\/2024\/08\/SaveInsta.App_452259308_18443472037007955_5279267117598401120_n-1068x882.jpg?v=1723926372 1068w, https:\/\/periodicolarepublica.com\/wp-content\/uploads\/2024\/08\/SaveInsta.App_452259308_18443472037007955_5279267117598401120_n.jpg?v=1723926372 1080w\" sizes=\"auto, (max-width: 300px) 100vw, 300px\" \/>Santo Domingo.-.El doctor V\u00edctor Atallah, agradeci\u00f3 al presidente Luis Abinader que lo confirmara como ministro de Salud P\u00fablica y Asistencia Social y afirm\u00f3 que est\u00e1 enfocado en seguir aportando para fortalecer los servicios de atenci\u00f3n sanitaria en nuestro pa\u00eds.\u00a0<br \/><br \/><br \/>Reiter\u00f3 su compromiso de continuar trabajando de la mano con las diversas instituciones involucradas en esta reforma, buscando siempre el bienestar de la poblaci\u00f3n.\u00a0 \u00abSeguiremos enfocados en los objetivos trazados para lograr un sector de salud m\u00e1s fuerte y moderno\u00bb, dijo. Y agreg\u00f3: \u201cCuento con la plena confianza del presidente de la Rep\u00fablica, quien respalda nuestro liderazgo y compromiso con este proceso transformador.\u00a0<br \/><br \/><br \/>Utilizaremos nuestra experiencia y dedicaci\u00f3n para encaminar esta reforma hacia un sistema de salud m\u00e1s inclusivo, accesible y eficiente para todos los ciudadanos\u00bb.\u00a0 Agradeci\u00f3 asimismo a los medios de comunicaci\u00f3n y a la ciudadan\u00eda, \u00abpor su atenci\u00f3n y comprensi\u00f3n en este proceso crucial para el pa\u00eds\u00bb.\u00a0<br \/><br \/><br \/>El doctor V\u00edctor Atallah, es graduado Magna Cum Laude en Medicina en el Instituto Tecnol\u00f3gico de Santo Domingo (Intec), con postgrados en Medicina Interna y Cardiolog\u00eda en el NCMC, de StonyBrook University; Cardiolog\u00eda Nuclear y Cardiolog\u00eda Intervencionista en el Lenox Hill Hospital, afiliado a Cornell Medical School en New York.\u00a0<br \/><br \/><br \/>Adem\u00e1s, cuenta con diplomas del American Board de Medicina Interna y Cardiolog\u00eda Nuclear, as\u00ed como certificaciones del directorio de la American College of Cardiology de Estados Unidos.\u00a0<br \/><br \/>Tiene una trayectoria de m\u00e1s de 25 a\u00f1os en el ejercicio de su profesi\u00f3n y es adem\u00e1s, cofundador del primer programa de Medicina Nuclear en Cedimat y coautor de numerosas publicaciones en su especialidad.\u00a0<br \/><br \/><br \/>El desempe\u00f1o en su longeva carrera le ha permitido la afiliaci\u00f3n a m\u00e1s de veinte asociaciones m\u00e9dicas internacionales y nacionales, respaldando y afianzando su compromiso con el avance de la medicina.<\/p>\r\n","protected":false},"excerpt":{"rendered":"<p>Santo Domingo.-.El doctor V\u00edctor Atallah, agradeci\u00f3 al presidente Luis Abinader que lo confirmara como ministro de Salud P\u00fablica y Asistencia Social y afirm\u00f3 que est\u00e1 enfocado en seguir aportando para fortalecer los servicios de atenci\u00f3n sanitaria en nuestro pa\u00eds.\u00a0 Reiter\u00f3 su compromiso de continuar trabajando de la mano con las diversas instituciones involucradas en esta [&hellip;]<\/p>\n","protected":false},"author":6,"featured_media":1481,"comment_status":"open","ping_status":"open","sticky":false,"template":"","format":"standard","meta":{"om_disable_all_campaigns":false,"_monsterinsights_skip_tracking":false,"_monsterinsights_sitenote_active":false,"_monsterinsights_sitenote_note":"","_monsterinsights_sitenote_category":0,"footnotes":""},"categories":[1],"tags":[161],"class_list":{"0":"post-1476","1":"post","2":"type-post","3":"status-publish","4":"format-standard","5":"has-post-thumbnail","7":"category-nacionales","8":"tag-victor-atallah"},"aioseo_notices":[],"_links":{"self":[{"href":"https:\/\/periodicolarepublica.com\/index.php\/wp-json\/wp\/v2\/posts\/1476","targetHints":{"allow":["GET"]}}],"collection":[{"href":"https:\/\/periodicolarepublica.com\/index.php\/wp-json\/wp\/v2\/posts"}],"about":[{"href":"https:\/\/periodicolarepublica.com\/index.php\/wp-json\/wp\/v2\/types\/post"}],"author":[{"embeddable":true,"href":"https:\/\/periodicolarepublica.com\/index.php\/wp-json\/wp\/v2\/users\/6"}],"replies":[{"embeddable":true,"href":"https:\/\/periodicolarepublica.com\/index.php\/wp-json\/wp\/v2\/comments?post=1476"}],"version-history":[{"count":2,"href":"https:\/\/periodicolarepublica.com\/index.php\/wp-json\/wp\/v2\/posts\/1476\/revisions"}],"predecessor-version":[{"id":1482,"href":"https:\/\/periodicolarepublica.com\/index.php\/wp-json\/wp\/v2\/posts\/1476\/revisions\/1482"}],"wp:featuredmedia":[{"embeddable":true,"href":"https:\/\/periodicolarepublica.com\/index.php\/wp-json\/wp\/v2\/media\/1481"}],"wp:attachment":[{"href":"https:\/\/periodicolarepublica.com\/index.php\/wp-json\/wp\/v2\/media?parent=1476"}],"wp:term":[{"taxonomy":"category","embeddable":true,"href":"https:\/\/periodicolarepublica.com\/index.php\/wp-json\/wp\/v2\/categories?post=1476"},{"taxonomy":"post_tag","embeddable":true,"href":"https:\/\/periodicolarepublica.com\/index.php\/wp-json\/wp\/v2\/tags?post=1476"}],"curies":[{"name":"wp","href":"https:\/\/api.w.org\/{rel}","templated":true}]}}