{"id":1480,"date":"2024-08-21T16:26:52","date_gmt":"2024-08-21T14:26:52","guid":{"rendered":"https:\/\/periodicolarepublica.com\/?p=1480"},"modified":"2024-08-21T16:26:52","modified_gmt":"2024-08-21T14:26:52","slug":"vicepresidenta-y-ministro-atallah-se-reunen-con-gremios-de-salud-para-buscar-soluciones-a-demandas-del-sector","status":"publish","type":"post","link":"https:\/\/periodicolarepublica.com\/index.php\/2024\/08\/21\/vicepresidenta-y-ministro-atallah-se-reunen-con-gremios-de-salud-para-buscar-soluciones-a-demandas-del-sector\/","title":{"rendered":"Vicepresidenta y ministro Atallah se re\u00fanen con gremios de salud para buscar soluciones a demandas del sector"},"content":{"rendered":"\r\n<p><img loading=\"lazy\" decoding=\"async\" class=\"size-medium wp-image-1485 alignright\" src=\"https:\/\/periodicolarepublica.com\/wp-content\/uploads\/2024\/08\/IMG-20240821-WA0019-300x200.jpg\" alt=\"\" width=\"300\" height=\"200\" srcset=\"https:\/\/periodicolarepublica.com\/wp-content\/uploads\/2024\/08\/IMG-20240821-WA0019-300x200.jpg?v=1724250384 300w, https:\/\/periodicolarepublica.com\/wp-content\/uploads\/2024\/08\/IMG-20240821-WA0019-1024x683.jpg?v=1724250384 1024w, https:\/\/periodicolarepublica.com\/wp-content\/uploads\/2024\/08\/IMG-20240821-WA0019-768x512.jpg?v=1724250384 768w, https:\/\/periodicolarepublica.com\/wp-content\/uploads\/2024\/08\/IMG-20240821-WA0019-1536x1024.jpg?v=1724250384 1536w, https:\/\/periodicolarepublica.com\/wp-content\/uploads\/2024\/08\/IMG-20240821-WA0019-2048x1366.jpg?v=1724250384 2048w, https:\/\/periodicolarepublica.com\/wp-content\/uploads\/2024\/08\/IMG-20240821-WA0019-150x100.jpg?v=1724250384 150w, https:\/\/periodicolarepublica.com\/wp-content\/uploads\/2024\/08\/IMG-20240821-WA0019-600x400.jpg?v=1724250384 600w, https:\/\/periodicolarepublica.com\/wp-content\/uploads\/2024\/08\/IMG-20240821-WA0019-696x464.jpg?v=1724250384 696w, https:\/\/periodicolarepublica.com\/wp-content\/uploads\/2024\/08\/IMG-20240821-WA0019-1392x928.jpg?v=1724250384 1392w, https:\/\/periodicolarepublica.com\/wp-content\/uploads\/2024\/08\/IMG-20240821-WA0019-1068x712.jpg?v=1724250384 1068w, https:\/\/periodicolarepublica.com\/wp-content\/uploads\/2024\/08\/IMG-20240821-WA0019-1920x1280.jpg?v=1724250384 1920w\" sizes=\"auto, (max-width: 300px) 100vw, 300px\" \/>Santo Domingo, RD. -La vicepresidenta de la Rep\u00fablica, Raquel Pe\u00f1a, y el ministro de Salud, V\u00edctor Atallah, sostuvieron un encuentro con representantes de los gremios de salud del pa\u00eds, con el objetivo de continuar dando respuesta a las demandas planteadas por el sector.<br \/><br \/>Durante la reuni\u00f3n, que tuvo lugar en el Palacio Nacional, se abordaron diversos temas planteados por los profesionales de la salud, incluyendo mejoras salariales y condiciones laborales. <br \/><br \/>Tanto la vicepresidenta como el ministro resaltaron la importancia del personal de salud para garantizar un futuro s\u00f3lido y eficiente en el sistema sanitario dominicano. Ambos destacaron el compromiso del gobierno con el bienestar de los profesionales de la salud y reafirmaron la disposici\u00f3n del Estado para trabajar en conjunto con los gremios para encontrar soluciones viables y sostenibles.<br \/><br \/>En ese sentido, Raquel Pe\u00f1a y el titular de Salud, subrayaron la importancia de mantener un di\u00e1logo abierto y continuo con los gremios para garantizar que las pol\u00edticas implementadas respondan a las necesidades reales del sector. \u00abEstamos comprometidos en encontrar una soluci\u00f3n que no solo beneficie a las enfermeras, sino que tambi\u00e9n fortalezca todo el sistema de salud del pa\u00eds\u00bb, indicaron.<br \/><br \/>Durante la reuni\u00f3n se acord\u00f3 sostener un nuevo encuentro el pr\u00f3ximo 3 de septiembre, donde se ultimar\u00e1n los detalles de los acuerdos alcanzados en la reuni\u00f3n.<\/p>\r\n","protected":false},"excerpt":{"rendered":"<p>Santo Domingo, RD. -La vicepresidenta de la Rep\u00fablica, Raquel Pe\u00f1a, y el ministro de Salud, V\u00edctor Atallah, sostuvieron un encuentro con representantes de los gremios de salud del pa\u00eds, con el objetivo de continuar dando respuesta a las demandas planteadas por el sector. Durante la reuni\u00f3n, que tuvo lugar en el Palacio Nacional, se abordaron [&hellip;]<\/p>\n","protected":false},"author":6,"featured_media":1485,"comment_status":"open","ping_status":"open","sticky":false,"template":"","format":"standard","meta":{"om_disable_all_campaigns":false,"_monsterinsights_skip_tracking":false,"_monsterinsights_sitenote_active":false,"_monsterinsights_sitenote_note":"","_monsterinsights_sitenote_category":0,"footnotes":""},"categories":[1],"tags":[175,161],"class_list":{"0":"post-1480","1":"post","2":"type-post","3":"status-publish","4":"format-standard","5":"has-post-thumbnail","7":"category-nacionales","8":"tag-ministro-de-salud-publica","9":"tag-victor-atallah"},"aioseo_notices":[],"_links":{"self":[{"href":"https:\/\/periodicolarepublica.com\/index.php\/wp-json\/wp\/v2\/posts\/1480","targetHints":{"allow":["GET"]}}],"collection":[{"href":"https:\/\/periodicolarepublica.com\/index.php\/wp-json\/wp\/v2\/posts"}],"about":[{"href":"https:\/\/periodicolarepublica.com\/index.php\/wp-json\/wp\/v2\/types\/post"}],"author":[{"embeddable":true,"href":"https:\/\/periodicolarepublica.com\/index.php\/wp-json\/wp\/v2\/users\/6"}],"replies":[{"embeddable":true,"href":"https:\/\/periodicolarepublica.com\/index.php\/wp-json\/wp\/v2\/comments?post=1480"}],"version-history":[{"count":2,"href":"https:\/\/periodicolarepublica.com\/index.php\/wp-json\/wp\/v2\/posts\/1480\/revisions"}],"predecessor-version":[{"id":1486,"href":"https:\/\/periodicolarepublica.com\/index.php\/wp-json\/wp\/v2\/posts\/1480\/revisions\/1486"}],"wp:featuredmedia":[{"embeddable":true,"href":"https:\/\/periodicolarepublica.com\/index.php\/wp-json\/wp\/v2\/media\/1485"}],"wp:attachment":[{"href":"https:\/\/periodicolarepublica.com\/index.php\/wp-json\/wp\/v2\/media?parent=1480"}],"wp:term":[{"taxonomy":"category","embeddable":true,"href":"https:\/\/periodicolarepublica.com\/index.php\/wp-json\/wp\/v2\/categories?post=1480"},{"taxonomy":"post_tag","embeddable":true,"href":"https:\/\/periodicolarepublica.com\/index.php\/wp-json\/wp\/v2\/tags?post=1480"}],"curies":[{"name":"wp","href":"https:\/\/api.w.org\/{rel}","templated":true}]}}