{"id":1484,"date":"2024-08-21T19:17:30","date_gmt":"2024-08-21T17:17:30","guid":{"rendered":"https:\/\/periodicolarepublica.com\/?p=1484"},"modified":"2024-08-21T19:17:30","modified_gmt":"2024-08-21T17:17:30","slug":"movimiento-poder-pal-pueblo-felicita-al-gobierno-por-la-reforma-constitucional","status":"publish","type":"post","link":"https:\/\/periodicolarepublica.com\/index.php\/2024\/08\/21\/movimiento-poder-pal-pueblo-felicita-al-gobierno-por-la-reforma-constitucional\/","title":{"rendered":"Movimiento Poder P&#8217;AL Pueblo felicita al Gobierno por la Reforma Constitucional"},"content":{"rendered":"\r\n<p><img loading=\"lazy\" decoding=\"async\" class=\"size-medium wp-image-1489 alignright\" src=\"https:\/\/periodicolarepublica.com\/wp-content\/uploads\/2024\/08\/20240821_131603-293x300.jpg\" alt=\"\" width=\"293\" height=\"300\" srcset=\"https:\/\/periodicolarepublica.com\/wp-content\/uploads\/2024\/08\/20240821_131603-293x300.jpg?v=1724260632 293w, https:\/\/periodicolarepublica.com\/wp-content\/uploads\/2024\/08\/20240821_131603-150x154.jpg?v=1724260632 150w, https:\/\/periodicolarepublica.com\/wp-content\/uploads\/2024\/08\/20240821_131603-300x308.jpg?v=1724260632 300w, https:\/\/periodicolarepublica.com\/wp-content\/uploads\/2024\/08\/20240821_131603-600x615.jpg?v=1724260632 600w, https:\/\/periodicolarepublica.com\/wp-content\/uploads\/2024\/08\/20240821_131603.jpg?v=1724260632 706w, https:\/\/periodicolarepublica.com\/wp-content\/uploads\/2024\/08\/20240821_131603-696x714.jpg?v=1724260632 696w\" sizes=\"auto, (max-width: 293px) 100vw, 293px\" \/>Santo Domingo &#8211; El Movimiento Poder P&#8217;AL Pueblo, liderado por el Ingeniero Tom\u00e1s Hern\u00e1ndez Alberto, celebra la reciente introducci\u00f3n de la Reforma Constitucional por parte del Poder Ejecutivo.<br \/><br \/>\u00abCelebramos esta importante iniciativa del Gobierno, que responde a las demandas y necesidades de nuestro pueblo\u00bb, afirm\u00f3 el Ingeniero Hern\u00e1ndez Alberto, Presidente del Movimiento Poder P&#8217;AL Pueblo. \u00abEsta Reforma Constitucional representa un paso crucial hacia un pa\u00eds m\u00e1s justo, equitativo y pr\u00f3spero para todos\u00bb.<br \/><br \/>El Movimiento Poder P&#8217;AL Pueblo ha sido un firme defensor de esta reforma, participando activamente en los debates y consultas p\u00fablicas previas a su presentaci\u00f3n. \u00abNuestro movimiento ha trabajado incansablemente para hacer o\u00edr la voz de la ciudadan\u00eda y lograr cambios que beneficien a las clases m\u00e1s vulnerables\u00bb, agreg\u00f3 Hern\u00e1ndez Alberto.<br \/><br \/>La Reforma Constitucional aborda temas clave como la independencia del ministerio p\u00fablico, un candado a la reelecci\u00f3n presidencial y la descentralizaci\u00f3n del poder, entre otros. El Movimiento Poder P&#8217;AL Pueblo conf\u00eda en que esta iniciativa sentar\u00e1 las bases para un futuro m\u00e1s equitativo e inclusivo para todo el pa\u00eds.<\/p>\r\n","protected":false},"excerpt":{"rendered":"<p>Santo Domingo &#8211; El Movimiento Poder P&#8217;AL Pueblo, liderado por el Ingeniero Tom\u00e1s Hern\u00e1ndez Alberto, celebra la reciente introducci\u00f3n de la Reforma Constitucional por parte del Poder Ejecutivo. \u00abCelebramos esta importante iniciativa del Gobierno, que responde a las demandas y necesidades de nuestro pueblo\u00bb, afirm\u00f3 el Ingeniero Hern\u00e1ndez Alberto, Presidente del Movimiento Poder P&#8217;AL Pueblo. [&hellip;]<\/p>\n","protected":false},"author":6,"featured_media":1489,"comment_status":"open","ping_status":"open","sticky":false,"template":"","format":"standard","meta":{"om_disable_all_campaigns":false,"_monsterinsights_skip_tracking":false,"_monsterinsights_sitenote_active":false,"_monsterinsights_sitenote_note":"","_monsterinsights_sitenote_category":0,"footnotes":""},"categories":[1],"tags":[164],"class_list":{"0":"post-1484","1":"post","2":"type-post","3":"status-publish","4":"format-standard","5":"has-post-thumbnail","7":"category-nacionales","8":"tag-movimiento-poder-pal-pueblo"},"aioseo_notices":[],"_links":{"self":[{"href":"https:\/\/periodicolarepublica.com\/index.php\/wp-json\/wp\/v2\/posts\/1484","targetHints":{"allow":["GET"]}}],"collection":[{"href":"https:\/\/periodicolarepublica.com\/index.php\/wp-json\/wp\/v2\/posts"}],"about":[{"href":"https:\/\/periodicolarepublica.com\/index.php\/wp-json\/wp\/v2\/types\/post"}],"author":[{"embeddable":true,"href":"https:\/\/periodicolarepublica.com\/index.php\/wp-json\/wp\/v2\/users\/6"}],"replies":[{"embeddable":true,"href":"https:\/\/periodicolarepublica.com\/index.php\/wp-json\/wp\/v2\/comments?post=1484"}],"version-history":[{"count":2,"href":"https:\/\/periodicolarepublica.com\/index.php\/wp-json\/wp\/v2\/posts\/1484\/revisions"}],"predecessor-version":[{"id":1490,"href":"https:\/\/periodicolarepublica.com\/index.php\/wp-json\/wp\/v2\/posts\/1484\/revisions\/1490"}],"wp:featuredmedia":[{"embeddable":true,"href":"https:\/\/periodicolarepublica.com\/index.php\/wp-json\/wp\/v2\/media\/1489"}],"wp:attachment":[{"href":"https:\/\/periodicolarepublica.com\/index.php\/wp-json\/wp\/v2\/media?parent=1484"}],"wp:term":[{"taxonomy":"category","embeddable":true,"href":"https:\/\/periodicolarepublica.com\/index.php\/wp-json\/wp\/v2\/categories?post=1484"},{"taxonomy":"post_tag","embeddable":true,"href":"https:\/\/periodicolarepublica.com\/index.php\/wp-json\/wp\/v2\/tags?post=1484"}],"curies":[{"name":"wp","href":"https:\/\/api.w.org\/{rel}","templated":true}]}}