{"id":1488,"date":"2024-08-21T22:13:51","date_gmt":"2024-08-21T20:13:51","guid":{"rendered":"https:\/\/periodicolarepublica.com\/?p=1488"},"modified":"2024-08-21T22:13:51","modified_gmt":"2024-08-21T20:13:51","slug":"presidente-abinader-da-primer-picazo-en-punta-bergantin-un-nuevo-epicentro-turistico-en-puerto-plata","status":"publish","type":"post","link":"https:\/\/periodicolarepublica.com\/index.php\/2024\/08\/21\/presidente-abinader-da-primer-picazo-en-punta-bergantin-un-nuevo-epicentro-turistico-en-puerto-plata\/","title":{"rendered":"Presidente Abinader da primer picazo en Punta Bergant\u00edn: Un nuevo epicentro tur\u00edstico en Puerto Plata"},"content":{"rendered":"\r\n<p>El presidente Luis Abinader inaugur\u00f3 hoy el acceso p\u00fablico a Punta Bergant\u00edn y dio el primer picazo para la construcci\u00f3n del Hotel Hyatt Zilara, marcando el inicio de un ambicioso proyecto que promete transformar esta zona en uno de los principales atractivos tur\u00edsticos de la Rep\u00fablica Dominicana.<\/p>\r\n<p>Este desarrollo es el primero de una serie de instalaciones que buscan posicionar a Punta Bergant\u00edn como un destino de clase mundial para visitantes locales e internacionales.<\/p>\r\n<p>El mandatario estuvo acompa\u00f1ado por Samuel Pereyra, presidente ejecutivo del Banco de Reservas, entidad que lidera el proyecto, junto a representantes del Grupo Martin\u00f3n y la cadena hotelera Hyatt Zilara. Tambi\u00e9n estuvieron presentes David Collado, ministro de Turismo; Andr\u00e9s Marranzini, director del Proyecto Bergant\u00edn; autoridades locales, y miembros del Consejo de Directores del Banco.<\/p>\r\n<p>Durante su intervenci\u00f3n, Pereyra destac\u00f3 que Punta Bergant\u00edn, ubicado en el municipio de Villa Montellano, revitalizar\u00e1 la regi\u00f3n y fortalecer\u00e1 la posici\u00f3n de la Rep\u00fablica Dominicana en el mercado global del turismo. Este proyecto abrir\u00e1 nuevas oportunidades para inversionistas y emprendedores locales, consolidando la capacidad del pa\u00eds para atraer turismo de alto nivel.<\/p>\r\n<p>\u00abHoy ya contamos con un plan para el desarrollo de Punta Bergant\u00edn que incluir\u00e1 4,000 habitaciones hoteleras, 1,500 habitaciones residenciales, un campus acad\u00e9mico, un estudio de cine en colaboraci\u00f3n con la firma internacional One Race Films, presidida por el actor Vin Diesel, y un moderno campo de golf de 18 hoyos\u00bb, precis\u00f3 Pereyra.<\/p>\r\n<p>El proyecto tambi\u00e9n contempla la habilitaci\u00f3n de lotes comerciales, terrenos para oficinas, \u00e1reas recreativas, y clubes de playa, tanto p\u00fablicos como privados, garantizando una oferta integral para visitantes y residentes.<\/p>\r\n<p>Pereyra record\u00f3 que en 2021, el Grupo Reservas adquiri\u00f3 alrededor de 9.6 millones de metros cuadrados en Villa Montellano, con el objetivo de transformar estos terrenos en un \u00e1rea de desarrollo tur\u00edstico urbano.<\/p>\r\n<p>Desde entonces, se han realizado estudios t\u00e9cnicos y comerciales para asegurar que el proyecto sea viable, atractivo y rentable, sin dejar de lado los beneficios econ\u00f3micos y sociales que traer\u00e1 a la regi\u00f3n.<\/p>\r\n<p>Como parte de la primera etapa del proyecto, que comenzar\u00e1 este mismo a\u00f1o, se iniciar\u00e1 la construcci\u00f3n de habitaciones hoteleras y se evaluar\u00e1n oportunidades de inversi\u00f3n, respaldadas por soluciones crediticias del Banco de Reservas.<br \/>Pereyra subray\u00f3 que este esfuerzo se enmarca en las pol\u00edticas y la visi\u00f3n del presidente Abinader, con metas ambiciosas como la proyecci\u00f3n de recibir 11 millones de turistas, reflejando el compromiso del banco con el crecimiento e innovaci\u00f3n en el sector tur\u00edstico.<\/p>\r\n<p><img loading=\"lazy\" decoding=\"async\" class=\"alignnone size-medium wp-image-1493\" src=\"https:\/\/periodicolarepublica.com\/wp-content\/uploads\/2024\/08\/IMG-20240821-WA0078-300x200.jpg\" alt=\"\" width=\"300\" height=\"200\" srcset=\"https:\/\/periodicolarepublica.com\/wp-content\/uploads\/2024\/08\/IMG-20240821-WA0078-300x200.jpg?v=1724271138 300w, https:\/\/periodicolarepublica.com\/wp-content\/uploads\/2024\/08\/IMG-20240821-WA0078-1024x682.jpg?v=1724271138 1024w, https:\/\/periodicolarepublica.com\/wp-content\/uploads\/2024\/08\/IMG-20240821-WA0078-768x512.jpg?v=1724271138 768w, https:\/\/periodicolarepublica.com\/wp-content\/uploads\/2024\/08\/IMG-20240821-WA0078-150x100.jpg?v=1724271138 150w, https:\/\/periodicolarepublica.com\/wp-content\/uploads\/2024\/08\/IMG-20240821-WA0078-600x400.jpg?v=1724271138 600w, https:\/\/periodicolarepublica.com\/wp-content\/uploads\/2024\/08\/IMG-20240821-WA0078-696x464.jpg?v=1724271138 696w, https:\/\/periodicolarepublica.com\/wp-content\/uploads\/2024\/08\/IMG-20240821-WA0078-1068x712.jpg?v=1724271138 1068w, https:\/\/periodicolarepublica.com\/wp-content\/uploads\/2024\/08\/IMG-20240821-WA0078.jpg?v=1724271138 1280w\" sizes=\"auto, (max-width: 300px) 100vw, 300px\" \/><img loading=\"lazy\" decoding=\"async\" class=\"alignnone size-medium wp-image-1494\" src=\"https:\/\/periodicolarepublica.com\/wp-content\/uploads\/2024\/08\/IMG-20240821-WA0087-300x200.jpg\" alt=\"\" width=\"300\" height=\"200\" srcset=\"https:\/\/periodicolarepublica.com\/wp-content\/uploads\/2024\/08\/IMG-20240821-WA0087-300x200.jpg?v=1724271218 300w, https:\/\/periodicolarepublica.com\/wp-content\/uploads\/2024\/08\/IMG-20240821-WA0087-1024x682.jpg?v=1724271218 1024w, https:\/\/periodicolarepublica.com\/wp-content\/uploads\/2024\/08\/IMG-20240821-WA0087-768x512.jpg?v=1724271218 768w, https:\/\/periodicolarepublica.com\/wp-content\/uploads\/2024\/08\/IMG-20240821-WA0087-150x100.jpg?v=1724271218 150w, https:\/\/periodicolarepublica.com\/wp-content\/uploads\/2024\/08\/IMG-20240821-WA0087-600x400.jpg?v=1724271218 600w, https:\/\/periodicolarepublica.com\/wp-content\/uploads\/2024\/08\/IMG-20240821-WA0087-696x464.jpg?v=1724271218 696w, https:\/\/periodicolarepublica.com\/wp-content\/uploads\/2024\/08\/IMG-20240821-WA0087-1068x712.jpg?v=1724271218 1068w, https:\/\/periodicolarepublica.com\/wp-content\/uploads\/2024\/08\/IMG-20240821-WA0087.jpg?v=1724271218 1280w\" sizes=\"auto, (max-width: 300px) 100vw, 300px\" \/>\u00abLa inversi\u00f3n en Puerto Plata no solo representa un compromiso con el desarrollo econ\u00f3mico, sino tambi\u00e9n con la preservaci\u00f3n y promoci\u00f3n de nuestras riquezas naturales y culturales\u00bb, afirm\u00f3 Pereyra, convencido de que, al unir esfuerzos, se puede construir un futuro brillante para la Rep\u00fablica Dominicana, donde el turismo y el desarrollo local coexistan en armon\u00eda, impulsando al pa\u00eds hacia nuevas alturas de prosperidad y bienestar.<\/p>\r\n","protected":false},"excerpt":{"rendered":"<p>El presidente Luis Abinader inaugur\u00f3 hoy el acceso p\u00fablico a Punta Bergant\u00edn y dio el primer picazo para la construcci\u00f3n del Hotel Hyatt Zilara, marcando el inicio de un ambicioso proyecto que promete transformar esta zona en uno de los principales atractivos tur\u00edsticos de la Rep\u00fablica Dominicana. Este desarrollo es el primero de una serie [&hellip;]<\/p>\n","protected":false},"author":6,"featured_media":1493,"comment_status":"open","ping_status":"open","sticky":false,"template":"","format":"standard","meta":{"om_disable_all_campaigns":false,"_monsterinsights_skip_tracking":false,"_monsterinsights_sitenote_active":false,"_monsterinsights_sitenote_note":"","_monsterinsights_sitenote_category":0,"footnotes":""},"categories":[1],"tags":[],"class_list":{"0":"post-1488","1":"post","2":"type-post","3":"status-publish","4":"format-standard","5":"has-post-thumbnail","7":"category-nacionales"},"aioseo_notices":[],"_links":{"self":[{"href":"https:\/\/periodicolarepublica.com\/index.php\/wp-json\/wp\/v2\/posts\/1488","targetHints":{"allow":["GET"]}}],"collection":[{"href":"https:\/\/periodicolarepublica.com\/index.php\/wp-json\/wp\/v2\/posts"}],"about":[{"href":"https:\/\/periodicolarepublica.com\/index.php\/wp-json\/wp\/v2\/types\/post"}],"author":[{"embeddable":true,"href":"https:\/\/periodicolarepublica.com\/index.php\/wp-json\/wp\/v2\/users\/6"}],"replies":[{"embeddable":true,"href":"https:\/\/periodicolarepublica.com\/index.php\/wp-json\/wp\/v2\/comments?post=1488"}],"version-history":[{"count":2,"href":"https:\/\/periodicolarepublica.com\/index.php\/wp-json\/wp\/v2\/posts\/1488\/revisions"}],"predecessor-version":[{"id":1495,"href":"https:\/\/periodicolarepublica.com\/index.php\/wp-json\/wp\/v2\/posts\/1488\/revisions\/1495"}],"wp:featuredmedia":[{"embeddable":true,"href":"https:\/\/periodicolarepublica.com\/index.php\/wp-json\/wp\/v2\/media\/1493"}],"wp:attachment":[{"href":"https:\/\/periodicolarepublica.com\/index.php\/wp-json\/wp\/v2\/media?parent=1488"}],"wp:term":[{"taxonomy":"category","embeddable":true,"href":"https:\/\/periodicolarepublica.com\/index.php\/wp-json\/wp\/v2\/categories?post=1488"},{"taxonomy":"post_tag","embeddable":true,"href":"https:\/\/periodicolarepublica.com\/index.php\/wp-json\/wp\/v2\/tags?post=1488"}],"curies":[{"name":"wp","href":"https:\/\/api.w.org\/{rel}","templated":true}]}}