{"id":1492,"date":"2024-08-21T22:18:50","date_gmt":"2024-08-21T20:18:50","guid":{"rendered":"https:\/\/periodicolarepublica.com\/?p=1492"},"modified":"2024-08-21T22:18:50","modified_gmt":"2024-08-21T20:18:50","slug":"ministerio-de-salud-fortalece-vigilancia-ante-declaracion-de-emergencia-de-la-oms-sobre-viruela-simica","status":"publish","type":"post","link":"https:\/\/periodicolarepublica.com\/index.php\/2024\/08\/21\/ministerio-de-salud-fortalece-vigilancia-ante-declaracion-de-emergencia-de-la-oms-sobre-viruela-simica\/","title":{"rendered":"Ministerio de Salud fortalece vigilancia ante declaraci\u00f3n de emergencia de la OMS sobre viruela s\u00edmica"},"content":{"rendered":"\r\n<p><img loading=\"lazy\" decoding=\"async\" class=\"size-medium wp-image-1251 alignright\" src=\"https:\/\/periodicolarepublica.com\/wp-content\/uploads\/2024\/07\/IMG-20240718-WA0131-300x200.jpg\" alt=\"\" width=\"300\" height=\"200\" srcset=\"https:\/\/periodicolarepublica.com\/wp-content\/uploads\/2024\/07\/IMG-20240718-WA0131-300x200.jpg?v=1721331371 300w, https:\/\/periodicolarepublica.com\/wp-content\/uploads\/2024\/07\/IMG-20240718-WA0131-1024x683.jpg?v=1721331371 1024w, https:\/\/periodicolarepublica.com\/wp-content\/uploads\/2024\/07\/IMG-20240718-WA0131-768x512.jpg?v=1721331371 768w, https:\/\/periodicolarepublica.com\/wp-content\/uploads\/2024\/07\/IMG-20240718-WA0131-1536x1024.jpg?v=1721331371 1536w, https:\/\/periodicolarepublica.com\/wp-content\/uploads\/2024\/07\/IMG-20240718-WA0131-150x100.jpg?v=1721331371 150w, https:\/\/periodicolarepublica.com\/wp-content\/uploads\/2024\/07\/IMG-20240718-WA0131-600x400.jpg?v=1721331371 600w, https:\/\/periodicolarepublica.com\/wp-content\/uploads\/2024\/07\/IMG-20240718-WA0131-696x464.jpg?v=1721331371 696w, https:\/\/periodicolarepublica.com\/wp-content\/uploads\/2024\/07\/IMG-20240718-WA0131-1392x928.jpg?v=1721331371 1392w, https:\/\/periodicolarepublica.com\/wp-content\/uploads\/2024\/07\/IMG-20240718-WA0131-1068x712.jpg?v=1721331371 1068w, https:\/\/periodicolarepublica.com\/wp-content\/uploads\/2024\/07\/IMG-20240718-WA0131.jpg?v=1721331371 1548w\" sizes=\"auto, (max-width: 300px) 100vw, 300px\" \/>Desde abril de este a\u00f1o, no se han notificado casos positivos en el pa\u00eds.<br \/><br \/>Santo Domingo D.N.\u00a0 El Ministerio de Salud inform\u00f3 este mi\u00e9rcoles que desde abril de este a\u00f1o no se han notificado pacientes positivos a viruela s\u00edmica (MPOX), no obstante, de manera preventiva ha intensificado la vigilancia epidemiol\u00f3gica para detectar posibles casos de la enfermedad, atendiendo a la declaraci\u00f3n de emergencia emitida por la Organizaci\u00f3n Mundial de la Salud OMS, que insta a los pa\u00edses miembros a tomar las medidas de lugar para prevenirla.<br \/><br \/>La instituci\u00f3n explica que el \u00faltimo caso confirmado en el pa\u00eds se registr\u00f3 en abril de este a\u00f1o, con lo que suman hasta la semana 33 de 2024, 8 casos confirmados, pero no ha se ha detectado circulaci\u00f3n comunitaria. <br \/><br \/>Salud indica, que hay disponibilidad de vacunas y desde el 2022, a m\u00e1s de 2 mil personas se le ha aplicado este biol\u00f3gico, de manera prioritaria a los grupos en riesgo.<br \/><br \/>En ese orden, a partir de las recomendaciones compartidas por la OMS\/ OPS la entidad sanitaria instruye a tomar las siguientes medidas:<br \/><br \/>Poblaci\u00f3n general: evitar el contacto directo, de piel a piel, con personas que tengan un erupci\u00f3n que se parezca al de la viruela, el contacto con los objetos y materiales que una persona con esta enfermedad haya usado como ropa de cama, prendas de vestir,etc. Lavarse las manos a menudo con agua y jab\u00f3n o usar un desinfectante de manos a base de alcohol, especialmente antes de comer o tocarse la cara y despu\u00e9s de ir al ba\u00f1o. <br \/><br \/>Se han instruido a los servicios de salud, que deben notificar todo evento inusual posiblemente relacionado a MPOX, de acuerdo con la definici\u00f3n de caso establecida para esta enfermedad, hacer el diagn\u00f3stico diferencial de la varicela, el sarampi\u00f3n, las infecciones bacterianas de la piel, la sarna, el herpes, la s\u00edfilis, otras infecciones de transmisi\u00f3n sexual y las alergias asociadas a los medicamentos, para descartar casos de viruela s\u00edmica.<br \/><br \/>Ante la presencia de casos sospechosos, probables y\/o confirmados deber\u00e1n implementar medidas apropiadas de prevenci\u00f3n y control de infecciones, realizar pruebas para confirmar el diagn\u00f3stico, manejo sintom\u00e1tico seguimiento y tratamiento de complicaciones y condiciones graves. <br \/><br \/>A las Direcciones Provinciales y \u00c1reas de Salud (DPS\/DAS) se les instruy\u00f3 a fortalecer la vigilancia epidemiol\u00f3gica para la detecci\u00f3n temprana y notificaci\u00f3n oportuna de casos. <br \/><br \/>*Viruela s\u00edmica o viruela del mono*<br \/><br \/>Es una zoonosis viral causada por un virus que se caracteriza por erupci\u00f3n o lesiones cut\u00e1neas que suelen concentrarse en la cara, las palmas de las manos y las plantas de los pies. El per\u00edodo de incubaci\u00f3n (tiempo entre la infecci\u00f3n y la aparici\u00f3n de los s\u00edntomas) es de seis a 16 d\u00edas, no obstante, puede variar entre cinco y 21 d\u00edas.<br \/>La notificaci\u00f3n de casos es crucial porque permite identificar r\u00e1pidamente a los contactos de una persona infectada, lo que facilita la implementaci\u00f3n de medidas preventivas y de promoci\u00f3n de salud, como la vacunaci\u00f3n. Al identificar y notificar los casos de manera oportuna, se puede limitar la propagaci\u00f3n de la enfermedad, reducir el riesgo de brotes y proteger a la poblaci\u00f3n vulnerable. La vacunaci\u00f3n, en particular, es una medida preventiva efectiva que puede detener la transmisi\u00f3n de enfermedades contagiosas cuando se administra a tiempo a los contactos cercanos de un caso confirmado.<br \/><br \/>*Resumen de la situaci\u00f3n* <br \/><br \/>El 14 de agosto de 2024, la Organizaci\u00f3n Mundial de la Salud (OMS), en vista del aumento de casos de viruela s\u00edmica o MPOX en la Rep\u00fablica Democr\u00e1tica del Congo (RDC) y en un n\u00famero creciente de pa\u00edses en \u00c1frica, declar\u00f3 la emergencia de salud p\u00fablica de importancia internacional, en virtud del Reglamento Sanitario Internacional (RSI-2005).<br \/><br \/>Desde el 1 de enero de 2022, 116 Estados Miembros de las 6 regiones de la OMS han notificado casos de MPOX. Hasta el 30 de junio de 2024, se hab\u00edan notificado a la OMS un total de 99,176 casos confirmados en laboratorio y 535 casos probables, incluidas 208 disfunciones.<\/p>\r\n","protected":false},"excerpt":{"rendered":"<p>Desde abril de este a\u00f1o, no se han notificado casos positivos en el pa\u00eds. Santo Domingo D.N.\u00a0 El Ministerio de Salud inform\u00f3 este mi\u00e9rcoles que desde abril de este a\u00f1o no se han notificado pacientes positivos a viruela s\u00edmica (MPOX), no obstante, de manera preventiva ha intensificado la vigilancia epidemiol\u00f3gica para detectar posibles casos de [&hellip;]<\/p>\n","protected":false},"author":6,"featured_media":1251,"comment_status":"open","ping_status":"open","sticky":false,"template":"","format":"standard","meta":{"om_disable_all_campaigns":false,"_monsterinsights_skip_tracking":false,"_monsterinsights_sitenote_active":false,"_monsterinsights_sitenote_note":"","_monsterinsights_sitenote_category":0,"footnotes":""},"categories":[1],"tags":[159],"class_list":{"0":"post-1492","1":"post","2":"type-post","3":"status-publish","4":"format-standard","5":"has-post-thumbnail","7":"category-nacionales","8":"tag-ministro-de-salud-publica-victor-atallah"},"aioseo_notices":[],"_links":{"self":[{"href":"https:\/\/periodicolarepublica.com\/index.php\/wp-json\/wp\/v2\/posts\/1492","targetHints":{"allow":["GET"]}}],"collection":[{"href":"https:\/\/periodicolarepublica.com\/index.php\/wp-json\/wp\/v2\/posts"}],"about":[{"href":"https:\/\/periodicolarepublica.com\/index.php\/wp-json\/wp\/v2\/types\/post"}],"author":[{"embeddable":true,"href":"https:\/\/periodicolarepublica.com\/index.php\/wp-json\/wp\/v2\/users\/6"}],"replies":[{"embeddable":true,"href":"https:\/\/periodicolarepublica.com\/index.php\/wp-json\/wp\/v2\/comments?post=1492"}],"version-history":[{"count":2,"href":"https:\/\/periodicolarepublica.com\/index.php\/wp-json\/wp\/v2\/posts\/1492\/revisions"}],"predecessor-version":[{"id":1498,"href":"https:\/\/periodicolarepublica.com\/index.php\/wp-json\/wp\/v2\/posts\/1492\/revisions\/1498"}],"wp:featuredmedia":[{"embeddable":true,"href":"https:\/\/periodicolarepublica.com\/index.php\/wp-json\/wp\/v2\/media\/1251"}],"wp:attachment":[{"href":"https:\/\/periodicolarepublica.com\/index.php\/wp-json\/wp\/v2\/media?parent=1492"}],"wp:term":[{"taxonomy":"category","embeddable":true,"href":"https:\/\/periodicolarepublica.com\/index.php\/wp-json\/wp\/v2\/categories?post=1492"},{"taxonomy":"post_tag","embeddable":true,"href":"https:\/\/periodicolarepublica.com\/index.php\/wp-json\/wp\/v2\/tags?post=1492"}],"curies":[{"name":"wp","href":"https:\/\/api.w.org\/{rel}","templated":true}]}}