{"id":1497,"date":"2024-08-21T22:28:21","date_gmt":"2024-08-21T20:28:21","guid":{"rendered":"https:\/\/periodicolarepublica.com\/?p=1497"},"modified":"2024-08-21T22:28:21","modified_gmt":"2024-08-21T20:28:21","slug":"el-alcalde-ulises-rodriguez-supervisa-la-recuperacion-del-mercado-modelo-tras-devastador-incendio","status":"publish","type":"post","link":"https:\/\/periodicolarepublica.com\/index.php\/2024\/08\/21\/el-alcalde-ulises-rodriguez-supervisa-la-recuperacion-del-mercado-modelo-tras-devastador-incendio\/","title":{"rendered":"El alcalde Ulises Rodr\u00edguez supervisa la recuperaci\u00f3n del Mercado Modelo tras devastador incendio"},"content":{"rendered":"\r\n<p><img loading=\"lazy\" decoding=\"async\" class=\"size-medium wp-image-1501 alignright\" src=\"https:\/\/periodicolarepublica.com\/wp-content\/uploads\/2024\/08\/SaveClip.App_455967002_18446703904013401_2777347519594058110_n-300x219.jpg\" alt=\"\" width=\"300\" height=\"219\" srcset=\"https:\/\/periodicolarepublica.com\/wp-content\/uploads\/2024\/08\/SaveClip.App_455967002_18446703904013401_2777347519594058110_n-300x219.jpg?v=1724272069 300w, https:\/\/periodicolarepublica.com\/wp-content\/uploads\/2024\/08\/SaveClip.App_455967002_18446703904013401_2777347519594058110_n-1024x746.jpg?v=1724272069 1024w, https:\/\/periodicolarepublica.com\/wp-content\/uploads\/2024\/08\/SaveClip.App_455967002_18446703904013401_2777347519594058110_n-768x560.jpg?v=1724272069 768w, https:\/\/periodicolarepublica.com\/wp-content\/uploads\/2024\/08\/SaveClip.App_455967002_18446703904013401_2777347519594058110_n-150x109.jpg?v=1724272069 150w, https:\/\/periodicolarepublica.com\/wp-content\/uploads\/2024\/08\/SaveClip.App_455967002_18446703904013401_2777347519594058110_n-600x437.jpg?v=1724272069 600w, https:\/\/periodicolarepublica.com\/wp-content\/uploads\/2024\/08\/SaveClip.App_455967002_18446703904013401_2777347519594058110_n-696x507.jpg?v=1724272069 696w, https:\/\/periodicolarepublica.com\/wp-content\/uploads\/2024\/08\/SaveClip.App_455967002_18446703904013401_2777347519594058110_n-1068x778.jpg?v=1724272069 1068w, https:\/\/periodicolarepublica.com\/wp-content\/uploads\/2024\/08\/SaveClip.App_455967002_18446703904013401_2777347519594058110_n-324x235.jpg?v=1724272069 324w, https:\/\/periodicolarepublica.com\/wp-content\/uploads\/2024\/08\/SaveClip.App_455967002_18446703904013401_2777347519594058110_n-648x470.jpg?v=1724272069 648w, https:\/\/periodicolarepublica.com\/wp-content\/uploads\/2024\/08\/SaveClip.App_455967002_18446703904013401_2777347519594058110_n.jpg?v=1724272069 1080w\" sizes=\"auto, (max-width: 300px) 100vw, 300px\" \/>El alcalde Ulises Rodr\u00edguez visit\u00f3 el Mercado Modelo para evaluar los avances en su reconstrucci\u00f3n tras un incendio, destacando la cooperaci\u00f3n entre autoridades y comerciantes para mejorar la seguridad y est\u00e9tica del lugar.<br \/><br \/>Santiago- Ulises Rodr\u00edguez visit\u00f3 el Mercado Modelo para supervisar los avances en las labores de recuperaci\u00f3n tras el incendio que da\u00f1\u00f3 gravemente el establecimiento.<br \/><br \/>Acompa\u00f1ado por miembros de la Asociaci\u00f3n de Comerciantes del Mercado Modelo, el alcalde destac\u00f3 la colaboraci\u00f3n entre las autoridades y los comerciantes para garantizar una reconstrucci\u00f3n eficiente, adem\u00e1s de mejorar la seguridad y la est\u00e9tica del mercado.<br \/><br \/>Durante su recorrido, Rodr\u00edguez expres\u00f3 una visi\u00f3n optimista sobre el futuro del mercado: \u00abEl incendio fue un desastre, pero tambi\u00e9n una oportunidad para renovar y mejorar el Mercado Modelo. Estamos comprometidos a hacer de este espacio un lugar m\u00e1s seguro y atractivo, no solo para los comerciantes sino tambi\u00e9n para los visitantes\u00bb, afirm\u00f3.<br \/><br \/>El presidente de la Asociaci\u00f3n de Comerciantes, Sebasti\u00e1n Salcedo, comparti\u00f3 este optimismo y subray\u00f3 el r\u00e1pido progreso logrado en menos de dos semanas desde el incidente. <br \/><br \/>\u00abHemos trabajado de la mano con las autoridades, y gracias a la r\u00e1pida intervenci\u00f3n, hemos logrado avances notables en la rehabilitaci\u00f3n del mercado\u00bb, coment\u00f3 Salcedo.<br \/>Adem\u00e1s, Rodr\u00edguez resalt\u00f3 la importancia de mejorar la organizaci\u00f3n y el embellecimiento del mercado para potenciar su atractivo tur\u00edstico. \u00abEl Mercado Modelo tiene un enorme potencial, especialmente con su oferta artesanal. Es crucial que todos colaboremos para mantenerlo ordenado y atractivo, de manera que podamos atraer a m\u00e1s visitantes y potenciar la econom\u00eda local\u00bb, a\u00f1adi\u00f3.<br \/><br \/>La visita tambi\u00e9n sirvi\u00f3 para identificar \u00e1reas que requieren atenci\u00f3n inmediata, con planes para intensificar los trabajos a partir del lunes. El alcalde reiter\u00f3 su apoyo a los comerciantes y trabajadores del mercado, asegurando que la alcald\u00eda estar\u00e1 presente en cada etapa del proceso de recuperaci\u00f3n. \u00abQueremos que sepan que no est\u00e1n solos en este proceso. La alcald\u00eda de Santiago estar\u00e1 con ustedes hasta que todo vuelva a la normalidad\u00bb, concluy\u00f3 Rodr\u00edguez.<\/p>\r\n","protected":false},"excerpt":{"rendered":"<p>El alcalde Ulises Rodr\u00edguez visit\u00f3 el Mercado Modelo para evaluar los avances en su reconstrucci\u00f3n tras un incendio, destacando la cooperaci\u00f3n entre autoridades y comerciantes para mejorar la seguridad y est\u00e9tica del lugar. Santiago- Ulises Rodr\u00edguez visit\u00f3 el Mercado Modelo para supervisar los avances en las labores de recuperaci\u00f3n tras el incendio que da\u00f1\u00f3 gravemente [&hellip;]<\/p>\n","protected":false},"author":6,"featured_media":1501,"comment_status":"open","ping_status":"open","sticky":false,"template":"","format":"standard","meta":{"om_disable_all_campaigns":false,"_monsterinsights_skip_tracking":false,"_monsterinsights_sitenote_active":false,"_monsterinsights_sitenote_note":"","_monsterinsights_sitenote_category":0,"footnotes":""},"categories":[206],"tags":[239],"class_list":{"0":"post-1497","1":"post","2":"type-post","3":"status-publish","4":"format-standard","5":"has-post-thumbnail","7":"category-la-republica-del-cibao","8":"tag-ulises-rodriguez"},"aioseo_notices":[],"_links":{"self":[{"href":"https:\/\/periodicolarepublica.com\/index.php\/wp-json\/wp\/v2\/posts\/1497","targetHints":{"allow":["GET"]}}],"collection":[{"href":"https:\/\/periodicolarepublica.com\/index.php\/wp-json\/wp\/v2\/posts"}],"about":[{"href":"https:\/\/periodicolarepublica.com\/index.php\/wp-json\/wp\/v2\/types\/post"}],"author":[{"embeddable":true,"href":"https:\/\/periodicolarepublica.com\/index.php\/wp-json\/wp\/v2\/users\/6"}],"replies":[{"embeddable":true,"href":"https:\/\/periodicolarepublica.com\/index.php\/wp-json\/wp\/v2\/comments?post=1497"}],"version-history":[{"count":2,"href":"https:\/\/periodicolarepublica.com\/index.php\/wp-json\/wp\/v2\/posts\/1497\/revisions"}],"predecessor-version":[{"id":1502,"href":"https:\/\/periodicolarepublica.com\/index.php\/wp-json\/wp\/v2\/posts\/1497\/revisions\/1502"}],"wp:featuredmedia":[{"embeddable":true,"href":"https:\/\/periodicolarepublica.com\/index.php\/wp-json\/wp\/v2\/media\/1501"}],"wp:attachment":[{"href":"https:\/\/periodicolarepublica.com\/index.php\/wp-json\/wp\/v2\/media?parent=1497"}],"wp:term":[{"taxonomy":"category","embeddable":true,"href":"https:\/\/periodicolarepublica.com\/index.php\/wp-json\/wp\/v2\/categories?post=1497"},{"taxonomy":"post_tag","embeddable":true,"href":"https:\/\/periodicolarepublica.com\/index.php\/wp-json\/wp\/v2\/tags?post=1497"}],"curies":[{"name":"wp","href":"https:\/\/api.w.org\/{rel}","templated":true}]}}