{"id":1500,"date":"2024-08-22T19:30:23","date_gmt":"2024-08-22T17:30:23","guid":{"rendered":"https:\/\/periodicolarepublica.com\/?p=1500"},"modified":"2024-08-22T19:30:23","modified_gmt":"2024-08-22T17:30:23","slug":"promesecal-celebra-40-anos-de-compromiso-con-la-salud-y-el-bienestar-de-los-dominicanos","status":"publish","type":"post","link":"https:\/\/periodicolarepublica.com\/index.php\/2024\/08\/22\/promesecal-celebra-40-anos-de-compromiso-con-la-salud-y-el-bienestar-de-los-dominicanos\/","title":{"rendered":"Promesecal celebra 40 a\u00f1os de compromiso con la salud y el bienestar de los dominicanos"},"content":{"rendered":"\r\n<p><img loading=\"lazy\" decoding=\"async\" class=\"size-medium wp-image-1525 alignright\" src=\"https:\/\/periodicolarepublica.com\/wp-content\/uploads\/2024\/08\/IMG_20240822_131929-300x168.jpg\" alt=\"\" width=\"300\" height=\"168\" srcset=\"https:\/\/periodicolarepublica.com\/wp-content\/uploads\/2024\/08\/IMG_20240822_131929-300x168.jpg?v=1724347801 300w, https:\/\/periodicolarepublica.com\/wp-content\/uploads\/2024\/08\/IMG_20240822_131929-1024x575.jpg?v=1724347801 1024w, https:\/\/periodicolarepublica.com\/wp-content\/uploads\/2024\/08\/IMG_20240822_131929-768x431.jpg?v=1724347801 768w, https:\/\/periodicolarepublica.com\/wp-content\/uploads\/2024\/08\/IMG_20240822_131929-1536x863.jpg?v=1724347801 1536w, https:\/\/periodicolarepublica.com\/wp-content\/uploads\/2024\/08\/IMG_20240822_131929-150x84.jpg?v=1724347801 150w, https:\/\/periodicolarepublica.com\/wp-content\/uploads\/2024\/08\/IMG_20240822_131929-600x337.jpg?v=1724347801 600w, https:\/\/periodicolarepublica.com\/wp-content\/uploads\/2024\/08\/IMG_20240822_131929-696x391.jpg?v=1724347801 696w, https:\/\/periodicolarepublica.com\/wp-content\/uploads\/2024\/08\/IMG_20240822_131929-1392x782.jpg?v=1724347801 1392w, https:\/\/periodicolarepublica.com\/wp-content\/uploads\/2024\/08\/IMG_20240822_131929-1068x600.jpg?v=1724347801 1068w, https:\/\/periodicolarepublica.com\/wp-content\/uploads\/2024\/08\/IMG_20240822_131929-1920x1078.jpg?v=1724347801 1920w, https:\/\/periodicolarepublica.com\/wp-content\/uploads\/2024\/08\/IMG_20240822_131929.jpg?v=1724347801 2048w\" sizes=\"auto, (max-width: 300px) 100vw, 300px\" \/><br \/><br \/>Santo Domingo, Rep\u00fablica Dominicana, 22 de agosto de 2024 &#8211; Con gran orgullo y satisfacci\u00f3n, Promesecal, la reconocida instituci\u00f3n de salud, celebra 40 a\u00f1os de servicio a la comunidad dominicana. Durante cuatro d\u00e9cadas, la organizaci\u00f3n ha sido sin\u00f3nimo de excelencia m\u00e9dica, innovaci\u00f3n y un inquebrantable compromiso con el bienestar de los ciudadanos.<br \/><br \/>\u00abEstos 40 a\u00f1os han sido una verdadera historia de \u00e9xito, marcada por el incansable esfuerzo y dedicaci\u00f3n de todo nuestro equipo\u00bb, afirm\u00f3 Adolfo P\u00e9rez, Director General de Promesecal. \u00abHoy, con el coraz\u00f3n lleno de orgullo, izamos la bandera nacional en se\u00f1al de nuestro profundo amor y compromiso con Rep\u00fablica Dominicana y su gente\u00bb.<br \/><br \/>A lo largo de su trayectoria, Promesecal ha sido pionera en la implementaci\u00f3n de programas y servicios de salud de vanguardia, manteniendo siempre su enfoque en la prevenci\u00f3n, la excelencia en el tratamiento y el bienestar integral de sus pacientes. La organizaci\u00f3n ha sido reconocida por sus contribuciones a la mejora de la calidad de vida de los dominicanos, destac\u00e1ndose por su innovaci\u00f3n, la calidez de su atenci\u00f3n y su compromiso con la comunidad.<br \/><br \/>\u00abMiramos hacia el futuro con esperanza y determinaci\u00f3n\u00bb, a\u00f1adi\u00f3 P\u00e9rez . \u00abNuevos retos nos esperan, pero estamos listos para afrontarlos con la misma pasi\u00f3n y dedicaci\u00f3n que nos han caracterizado durante estos 40 a\u00f1os. Continuaremos trabajando sin descanso para llevar la salud y el bienestar a cada rinc\u00f3n de nuestro amado pa\u00eds\u00bb.<br \/><br \/>Promesecal invita a toda la comunidad a unirse a esta celebraci\u00f3n y a ser parte de esta historia de \u00e9xito que contin\u00faa escribi\u00e9ndose. Juntos, seguiremos construyendo un ma\u00f1ana m\u00e1s saludable y pr\u00f3spero para todos los dominicanos.<\/p>\r\n","protected":false},"excerpt":{"rendered":"<p>Santo Domingo, Rep\u00fablica Dominicana, 22 de agosto de 2024 &#8211; Con gran orgullo y satisfacci\u00f3n, Promesecal, la reconocida instituci\u00f3n de salud, celebra 40 a\u00f1os de servicio a la comunidad dominicana. Durante cuatro d\u00e9cadas, la organizaci\u00f3n ha sido sin\u00f3nimo de excelencia m\u00e9dica, innovaci\u00f3n y un inquebrantable compromiso con el bienestar de los ciudadanos. \u00abEstos 40 a\u00f1os [&hellip;]<\/p>\n","protected":false},"author":6,"featured_media":1525,"comment_status":"open","ping_status":"open","sticky":false,"template":"","format":"standard","meta":{"om_disable_all_campaigns":false,"_monsterinsights_skip_tracking":false,"_monsterinsights_sitenote_active":false,"_monsterinsights_sitenote_note":"","_monsterinsights_sitenote_category":0,"footnotes":""},"categories":[1],"tags":[300],"class_list":{"0":"post-1500","1":"post","2":"type-post","3":"status-publish","4":"format-standard","5":"has-post-thumbnail","7":"category-nacionales","8":"tag-adolfo-perez"},"aioseo_notices":[],"_links":{"self":[{"href":"https:\/\/periodicolarepublica.com\/index.php\/wp-json\/wp\/v2\/posts\/1500","targetHints":{"allow":["GET"]}}],"collection":[{"href":"https:\/\/periodicolarepublica.com\/index.php\/wp-json\/wp\/v2\/posts"}],"about":[{"href":"https:\/\/periodicolarepublica.com\/index.php\/wp-json\/wp\/v2\/types\/post"}],"author":[{"embeddable":true,"href":"https:\/\/periodicolarepublica.com\/index.php\/wp-json\/wp\/v2\/users\/6"}],"replies":[{"embeddable":true,"href":"https:\/\/periodicolarepublica.com\/index.php\/wp-json\/wp\/v2\/comments?post=1500"}],"version-history":[{"count":2,"href":"https:\/\/periodicolarepublica.com\/index.php\/wp-json\/wp\/v2\/posts\/1500\/revisions"}],"predecessor-version":[{"id":1526,"href":"https:\/\/periodicolarepublica.com\/index.php\/wp-json\/wp\/v2\/posts\/1500\/revisions\/1526"}],"wp:featuredmedia":[{"embeddable":true,"href":"https:\/\/periodicolarepublica.com\/index.php\/wp-json\/wp\/v2\/media\/1525"}],"wp:attachment":[{"href":"https:\/\/periodicolarepublica.com\/index.php\/wp-json\/wp\/v2\/media?parent=1500"}],"wp:term":[{"taxonomy":"category","embeddable":true,"href":"https:\/\/periodicolarepublica.com\/index.php\/wp-json\/wp\/v2\/categories?post=1500"},{"taxonomy":"post_tag","embeddable":true,"href":"https:\/\/periodicolarepublica.com\/index.php\/wp-json\/wp\/v2\/tags?post=1500"}],"curies":[{"name":"wp","href":"https:\/\/api.w.org\/{rel}","templated":true}]}}