{"id":1504,"date":"2024-08-22T06:15:33","date_gmt":"2024-08-22T04:15:33","guid":{"rendered":"https:\/\/periodicolarepublica.com\/?p=1504"},"modified":"2024-08-22T06:15:33","modified_gmt":"2024-08-22T04:15:33","slug":"titular-del-micm-afirma-vision-del-presidente-abinader-ha-permitido-un-gran-crecimiento-economico-para-rd","status":"publish","type":"post","link":"https:\/\/periodicolarepublica.com\/index.php\/2024\/08\/22\/titular-del-micm-afirma-vision-del-presidente-abinader-ha-permitido-un-gran-crecimiento-economico-para-rd\/","title":{"rendered":"Titular del MICM afirma visi\u00f3n del presidente Abinader ha permitido un gran crecimiento econ\u00f3mico para RD"},"content":{"rendered":"<p>Bison\u00f3 encabez\u00f3 el foro Economic 2024: Transformando datos en oportunidades para nuestra gente, donde cit\u00f3 los logros institucionales alcanzados en su gesti\u00f3n<\/p>\n<p><img loading=\"lazy\" decoding=\"async\" class=\"alignnone size-medium wp-image-1505\" src=\"https:\/\/periodicolarepublica.com\/wp-content\/uploads\/2024\/08\/IMG-20240821-WA00891-300x169.jpg\" alt=\"\" width=\"300\" height=\"169\" srcset=\"https:\/\/periodicolarepublica.com\/wp-content\/uploads\/2024\/08\/IMG-20240821-WA00891-300x169.jpg?v=1724300030 300w, https:\/\/periodicolarepublica.com\/wp-content\/uploads\/2024\/08\/IMG-20240821-WA00891-1024x576.jpg?v=1724300030 1024w, https:\/\/periodicolarepublica.com\/wp-content\/uploads\/2024\/08\/IMG-20240821-WA00891-768x432.jpg?v=1724300030 768w, https:\/\/periodicolarepublica.com\/wp-content\/uploads\/2024\/08\/IMG-20240821-WA00891-150x84.jpg?v=1724300030 150w, https:\/\/periodicolarepublica.com\/wp-content\/uploads\/2024\/08\/IMG-20240821-WA00891-600x338.jpg?v=1724300030 600w, https:\/\/periodicolarepublica.com\/wp-content\/uploads\/2024\/08\/IMG-20240821-WA00891-696x392.jpg?v=1724300030 696w, https:\/\/periodicolarepublica.com\/wp-content\/uploads\/2024\/08\/IMG-20240821-WA00891-1068x601.jpg?v=1724300030 1068w, https:\/\/periodicolarepublica.com\/wp-content\/uploads\/2024\/08\/IMG-20240821-WA00891.jpg?v=1724300030 1280w\" sizes=\"auto, (max-width: 300px) 100vw, 300px\" \/><\/p>\n<p>Santo Domingo. &#8211; El ministro de Industria, Comercio y Mipymes (MICM), V\u00edctor Bison\u00f3, resalt\u00f3 que como resultado de la visi\u00f3n de desarrollo y bienestar que ha liderado el presidente Luis Abinader, la Rep\u00fablica Dominicana alcanz\u00f3 un gran crecimiento econ\u00f3mico, del cual la instituci\u00f3n que dirige como ente regulador, ha contribuido con pol\u00edticas y acciones estrat\u00e9gicas clave para el desarrollo del pa\u00eds.<\/p>\n<p>Al hablar en el foro \u201cEconomic 2024: Transformando datos en oportunidades para nuestra gente\u201d, Bison\u00f3 cit\u00f3 los logros institucionales alcanzados en su gesti\u00f3n, destacando las reestructuraciones en antisoborno, mejora de la calidad y transparencia.<\/p>\n<p>\u201cDurante nuestra gesti\u00f3n, hemos aportado un promedio del 5.6% al Producto Interno Bruto. Las exportaciones de los sectores bajo nuestra jurisdicci\u00f3n alcanzaron un promedio de 9,732 millones de d\u00f3lares entre 2020 y 2023, con un impresionante incremento del 40% en ese periodo\u201d, explic\u00f3 el ministro.<\/p>\n<p>Adem\u00e1s, la inversi\u00f3n extranjera directa pas\u00f3 de 678 millones de d\u00f3lares en 2019 a US$1,133 millones en 2023, representando un 25% del total y un 34% promedio de la generaci\u00f3n de divisas entre 2021 y 2023.<\/p>\n<p>Estos sectores emplean a m\u00e1s de 3 millones de personas, un 66% del total de los ocupados en el pa\u00eds. Bison\u00f3 atribuye estos logros a la sinergia entre la industria local y las zonas francas, que fortalecieron la relaci\u00f3n con el sector privado.<\/p>\n<p>Tambi\u00e9n destac\u00f3 el Plan Nacional de Industrializaci\u00f3n, que promueve la inversi\u00f3n, la simplificaci\u00f3n de tr\u00e1mites, la mejora regulatoria, el fomento de los encadenamientos productivos y el desarrollo del talento humano dominicano.<\/p>\n<p>Igualmente, el titular del MICM habl\u00f3 sobre el nearshoring una herramienta clave para atraer inversiones extranjeras y fomentar la expansi\u00f3n de las existentes. Asimismo, destaco la Ruta Industrial ha permitido conocer los desaf\u00edos y oportunidades que enfrentan las empresas e identificar \u00e1reas que requieren m\u00e1s apoyo.<\/p>\n<p>Sobre el tabaco y el cigarrillo, Bison\u00f3 dijo que como patrimonio cultural del pa\u00eds este sector est\u00e1 dentro del sello \u201cHecho en Rep\u00fablica Dominicana\u201d esencial para resaltar la producci\u00f3n de las industrias manufacturera local y zonas francas.<\/p>\n<p>Los subsidios<\/p>\n<p>Al referirse a los subsidios, dijo que, para mitigar el impacto de las fluctuaciones econ\u00f3micas en los precios de los art\u00edculos de la canasta b\u00e1sica y los costos de transporte, est\u00e1 la Ley de Tasa 0%, que elimina aranceles aduanales para la importaci\u00f3n de bienes de primera necesidad.<\/p>\n<p>El subsidio a los combustibles, asegura que el costo de vida no se vea afectado desproporcionadamente por las variaciones en los precios internacionales del petr\u00f3leo.<\/p>\n<p>De igual manera, Bison\u00f3 dijo que promueven la profesionalizaci\u00f3n en el sector de dispositivos m\u00e9dicos, desarrollando iniciativas espec\u00edficas para establecer una industria de semiconductores. \u201cLa tecnificaci\u00f3n en este sector es crucial para diversificar nuestra econom\u00eda, aumentar la inversi\u00f3n extranjera directa y desarrollar un ecosistema que fomente la creaci\u00f3n de empleos cualificados. Estas acciones fortalecen nuestra competitividad global y posicionan a la Rep\u00fablica Dominicana como un l\u00edder en \u00e1reas tecnol\u00f3gicas de vanguardia\u201d.<\/p>\n<p>Otro logro del MICM, es la implementaci\u00f3n de Garant\u00edas Mobiliarias que pone como garant\u00eda bienes que no estaban contemplados, para ampliar el acceso al financiamiento, ayudando al emprendedor y peque\u00f1as empresas a iniciar o expandir sus negocios.<\/p>\n<p>Un avance muy importante para el pa\u00eds fue excluirlo de la Lista de Vigilancia del Informe Especial 301 de 2024, publicado por la Oficina del Representante Comercial de los Estados Unidos (USTR), que mejora la protecci\u00f3n de los derechos de propiedad intelectual y fortalece el marco regulatorio. Esta exclusi\u00f3n, mejor\u00f3 su reputaci\u00f3n global, y cre\u00f3 un ambiente favorable para la inversi\u00f3n extranjera y el comercio internacional, \u201cconsolidando nuestra posici\u00f3n como un socio confiable y atractivo en el \u00e1mbito econ\u00f3mico mundial\u201d.<\/p>\n<p>Para finalizar, Bison\u00f3 dijo sentirse muy complacido con el trabajo del MICM y el impacto positivo logrado en colaboraci\u00f3n con diversos sectores. \u201cHoy, con orgullo podemos decir a cada dominicano: Somos MICM y estamos junto a ti, construyendo un futuro mejor para todos\u201d.<\/p>\n<p>En la actividad el ministro Bison\u00f3 estuvo acompa\u00f1ado por Nassim Alemany, experto en macroeconom\u00eda y finanzas; Anadel Peguero, directora de An\u00e1lisis Econ\u00f3mico del MICM, entre otras personalidades del sector empresarial.<\/p>\n<p>Tambi\u00e9n estuvieron en el panel, Magdalena Lizardo, doctora en econom\u00eda, Henri Hebrard, reconocido analista y asesor economico, Francisco Torres. Superintendente de Pensiones. Magin Diaz economista y consultor internacional en pol\u00edtica tributaria y macroeconom\u00eda y Alexandria Valerio, especialista en gesti\u00f3n.<\/p>\n","protected":false},"excerpt":{"rendered":"<p>Bison\u00f3 encabez\u00f3 el foro Economic 2024: Transformando datos en oportunidades para nuestra gente, donde cit\u00f3 los logros institucionales alcanzados en su gesti\u00f3n Santo Domingo. &#8211; El ministro de Industria, Comercio y Mipymes (MICM), V\u00edctor Bison\u00f3, resalt\u00f3 que como resultado de la visi\u00f3n de desarrollo y bienestar que ha liderado el presidente Luis Abinader, la Rep\u00fablica [&hellip;]<\/p>\n","protected":false},"author":6,"featured_media":1505,"comment_status":"open","ping_status":"open","sticky":false,"template":"","format":"standard","meta":{"om_disable_all_campaigns":false,"_monsterinsights_skip_tracking":false,"_monsterinsights_sitenote_active":false,"_monsterinsights_sitenote_note":"","_monsterinsights_sitenote_category":0,"footnotes":""},"categories":[1],"tags":[268,292,293],"class_list":{"0":"post-1504","1":"post","2":"type-post","3":"status-publish","4":"format-standard","5":"has-post-thumbnail","7":"category-nacionales","8":"tag-ito-bisono","9":"tag-micm-com","10":"tag-micm-gob"},"aioseo_notices":[],"_links":{"self":[{"href":"https:\/\/periodicolarepublica.com\/index.php\/wp-json\/wp\/v2\/posts\/1504","targetHints":{"allow":["GET"]}}],"collection":[{"href":"https:\/\/periodicolarepublica.com\/index.php\/wp-json\/wp\/v2\/posts"}],"about":[{"href":"https:\/\/periodicolarepublica.com\/index.php\/wp-json\/wp\/v2\/types\/post"}],"author":[{"embeddable":true,"href":"https:\/\/periodicolarepublica.com\/index.php\/wp-json\/wp\/v2\/users\/6"}],"replies":[{"embeddable":true,"href":"https:\/\/periodicolarepublica.com\/index.php\/wp-json\/wp\/v2\/comments?post=1504"}],"version-history":[{"count":1,"href":"https:\/\/periodicolarepublica.com\/index.php\/wp-json\/wp\/v2\/posts\/1504\/revisions"}],"predecessor-version":[{"id":1506,"href":"https:\/\/periodicolarepublica.com\/index.php\/wp-json\/wp\/v2\/posts\/1504\/revisions\/1506"}],"wp:featuredmedia":[{"embeddable":true,"href":"https:\/\/periodicolarepublica.com\/index.php\/wp-json\/wp\/v2\/media\/1505"}],"wp:attachment":[{"href":"https:\/\/periodicolarepublica.com\/index.php\/wp-json\/wp\/v2\/media?parent=1504"}],"wp:term":[{"taxonomy":"category","embeddable":true,"href":"https:\/\/periodicolarepublica.com\/index.php\/wp-json\/wp\/v2\/categories?post=1504"},{"taxonomy":"post_tag","embeddable":true,"href":"https:\/\/periodicolarepublica.com\/index.php\/wp-json\/wp\/v2\/tags?post=1504"}],"curies":[{"name":"wp","href":"https:\/\/api.w.org\/{rel}","templated":true}]}}