{"id":1512,"date":"2024-08-22T15:04:24","date_gmt":"2024-08-22T13:04:24","guid":{"rendered":"https:\/\/periodicolarepublica.com\/?p=1512"},"modified":"2024-08-22T15:06:40","modified_gmt":"2024-08-22T13:06:40","slug":"joel-santos-nuevo-ministro-energia-y-minas-con-enfoque-en-sostenibilidad-y-eficiencia-energetica","status":"publish","type":"post","link":"https:\/\/periodicolarepublica.com\/index.php\/2024\/08\/22\/joel-santos-nuevo-ministro-energia-y-minas-con-enfoque-en-sostenibilidad-y-eficiencia-energetica\/","title":{"rendered":"Joel Santos: Nuevo Ministro Energ\u00eda y Minas con Enfoque en Sostenibilidad y Eficiencia Energ\u00e9tica"},"content":{"rendered":"<p>En un momento crucial para el sector energ\u00e9tico en el pa\u00eds, Joel Santos ha asumido el cargo de Ministro de Energ\u00eda y Minas, trayendo consigo una renovada visi\u00f3n para transformar la gesti\u00f3n energ\u00e9tica hacia un modelo m\u00e1s sostenible y eficiente.<\/p>\n<p><img loading=\"lazy\" decoding=\"async\" class=\"alignnone size-medium wp-image-1515\" src=\"https:\/\/periodicolarepublica.com\/wp-content\/uploads\/2024\/08\/Picsart_24-08-22_09-05-42-419-300x248.jpg\" alt=\"\" width=\"300\" height=\"248\" srcset=\"https:\/\/periodicolarepublica.com\/wp-content\/uploads\/2024\/08\/Picsart_24-08-22_09-05-42-419-300x248.jpg?v=1724331987 300w, https:\/\/periodicolarepublica.com\/wp-content\/uploads\/2024\/08\/Picsart_24-08-22_09-05-42-419-1024x848.jpg?v=1724331987 1024w, https:\/\/periodicolarepublica.com\/wp-content\/uploads\/2024\/08\/Picsart_24-08-22_09-05-42-419-768x636.jpg?v=1724331987 768w, https:\/\/periodicolarepublica.com\/wp-content\/uploads\/2024\/08\/Picsart_24-08-22_09-05-42-419-150x124.jpg?v=1724331987 150w, https:\/\/periodicolarepublica.com\/wp-content\/uploads\/2024\/08\/Picsart_24-08-22_09-05-42-419-600x497.jpg?v=1724331987 600w, https:\/\/periodicolarepublica.com\/wp-content\/uploads\/2024\/08\/Picsart_24-08-22_09-05-42-419-696x576.jpg?v=1724331987 696w, https:\/\/periodicolarepublica.com\/wp-content\/uploads\/2024\/08\/Picsart_24-08-22_09-05-42-419-1068x885.jpg?v=1724331987 1068w, https:\/\/periodicolarepublica.com\/wp-content\/uploads\/2024\/08\/Picsart_24-08-22_09-05-42-419.jpg?v=1724331987 1304w\" sizes=\"auto, (max-width: 300px) 100vw, 300px\" \/><\/p>\n<p>Su nombramiento ha generado expectativas dentro y fuera del \u00e1mbito gubernamental, donde se espera que su experiencia y compromiso en la materia puedan resolver algunos de los desaf\u00edos m\u00e1s apremiantes que enfrenta la naci\u00f3n en esta \u00e1rea.<\/p>\n<p>Con una trayectoria destacada en diferentes \u00e1reas empresariales y recientemente gubernamental, Santos se ha comprometido a impulsar pol\u00edticas que promuevan la eficiencia energ\u00e9tica y la sostenibilidad. Resalta con esto la importancia de un cambio de paradigma en la forma en que se producen y consumen los recursos energ\u00e9ticos, enfatizando que el futuro de la energ\u00eda debe estar alineado con los compromisos ambientales y el desarrollo sostenible.<\/p>\n<p>M\u00e1s all\u00e1 de su enfoque en la sostenibilidad, Santos tambi\u00e9n tendr\u00e1 que lidiar con problem\u00e1ticas actuales en el sector energ\u00e9tico, que impactan tanto a los ciudadanos como a las empresas.<\/p>\n<p>El grupo de medios La Rep\u00fablica quien es dirigido por M\u00e1ximo Mi\u00f1oso y Hanfiel Polanco, han destacado la trayectoria de Santos, desde su posici\u00f3n en el gobierno, entendiendo que tiene una vision apegada a la realidad y necedades del sector, augurando \u00e9xitos en su gesti\u00f3n.<\/p>\n","protected":false},"excerpt":{"rendered":"<p>En un momento crucial para el sector energ\u00e9tico en el pa\u00eds, Joel Santos ha asumido el cargo de Ministro de Energ\u00eda y Minas, trayendo consigo una renovada visi\u00f3n para transformar la gesti\u00f3n energ\u00e9tica hacia un modelo m\u00e1s sostenible y eficiente. Su nombramiento ha generado expectativas dentro y fuera del \u00e1mbito gubernamental, donde se espera que [&hellip;]<\/p>\n","protected":false},"author":1,"featured_media":1513,"comment_status":"open","ping_status":"open","sticky":false,"template":"","format":"standard","meta":{"om_disable_all_campaigns":false,"_monsterinsights_skip_tracking":false,"_monsterinsights_sitenote_active":false,"_monsterinsights_sitenote_note":"","_monsterinsights_sitenote_category":0,"footnotes":""},"categories":[1],"tags":[294,295],"class_list":{"0":"post-1512","1":"post","2":"type-post","3":"status-publish","4":"format-standard","5":"has-post-thumbnail","7":"category-nacionales","8":"tag-joel-santos","9":"tag-ministerio-de-energia-y-minas"},"aioseo_notices":[],"_links":{"self":[{"href":"https:\/\/periodicolarepublica.com\/index.php\/wp-json\/wp\/v2\/posts\/1512","targetHints":{"allow":["GET"]}}],"collection":[{"href":"https:\/\/periodicolarepublica.com\/index.php\/wp-json\/wp\/v2\/posts"}],"about":[{"href":"https:\/\/periodicolarepublica.com\/index.php\/wp-json\/wp\/v2\/types\/post"}],"author":[{"embeddable":true,"href":"https:\/\/periodicolarepublica.com\/index.php\/wp-json\/wp\/v2\/users\/1"}],"replies":[{"embeddable":true,"href":"https:\/\/periodicolarepublica.com\/index.php\/wp-json\/wp\/v2\/comments?post=1512"}],"version-history":[{"count":2,"href":"https:\/\/periodicolarepublica.com\/index.php\/wp-json\/wp\/v2\/posts\/1512\/revisions"}],"predecessor-version":[{"id":1516,"href":"https:\/\/periodicolarepublica.com\/index.php\/wp-json\/wp\/v2\/posts\/1512\/revisions\/1516"}],"wp:featuredmedia":[{"embeddable":true,"href":"https:\/\/periodicolarepublica.com\/index.php\/wp-json\/wp\/v2\/media\/1513"}],"wp:attachment":[{"href":"https:\/\/periodicolarepublica.com\/index.php\/wp-json\/wp\/v2\/media?parent=1512"}],"wp:term":[{"taxonomy":"category","embeddable":true,"href":"https:\/\/periodicolarepublica.com\/index.php\/wp-json\/wp\/v2\/categories?post=1512"},{"taxonomy":"post_tag","embeddable":true,"href":"https:\/\/periodicolarepublica.com\/index.php\/wp-json\/wp\/v2\/tags?post=1512"}],"curies":[{"name":"wp","href":"https:\/\/api.w.org\/{rel}","templated":true}]}}