{"id":1518,"date":"2024-08-22T15:20:57","date_gmt":"2024-08-22T13:20:57","guid":{"rendered":"https:\/\/periodicolarepublica.com\/?p=1518"},"modified":"2024-08-22T15:22:44","modified_gmt":"2024-08-22T13:22:44","slug":"guido-gomez-mazara-felicitado-por-el-medio-la-republica-como-director-de-indotel","status":"publish","type":"post","link":"https:\/\/periodicolarepublica.com\/index.php\/2024\/08\/22\/guido-gomez-mazara-felicitado-por-el-medio-la-republica-como-director-de-indotel\/","title":{"rendered":"Guido G\u00f3mez Mazara felicitado por el Medio La Rep\u00fablica como Director de Indotel."},"content":{"rendered":"<p>El Grupo de Medios La Rep\u00fablica ha extendido sus m\u00e1s sinceras felicitaciones a Guido G\u00f3mez Mazara por su reciente nombramiento como nuevo director del Instituto Dominicano de las Telecomunicaciones (Indotel).<\/p>\n<p><img loading=\"lazy\" decoding=\"async\" class=\"alignnone size-medium wp-image-1521\" src=\"https:\/\/periodicolarepublica.com\/wp-content\/uploads\/2024\/08\/IMG_20240822_092157-300x203.jpg\" alt=\"\" width=\"300\" height=\"203\" srcset=\"https:\/\/periodicolarepublica.com\/wp-content\/uploads\/2024\/08\/IMG_20240822_092157-300x203.jpg?v=1724332945 300w, https:\/\/periodicolarepublica.com\/wp-content\/uploads\/2024\/08\/IMG_20240822_092157-150x101.jpg?v=1724332945 150w, https:\/\/periodicolarepublica.com\/wp-content\/uploads\/2024\/08\/IMG_20240822_092157-600x406.jpg?v=1724332945 600w, https:\/\/periodicolarepublica.com\/wp-content\/uploads\/2024\/08\/IMG_20240822_092157-648x440.jpg?v=1724332945 648w, https:\/\/periodicolarepublica.com\/wp-content\/uploads\/2024\/08\/IMG_20240822_092157.jpg?v=1724332945 651w\" sizes=\"auto, (max-width: 300px) 100vw, 300px\" \/><\/p>\n<p>Este nombramiento, que llega en un momento crucial para el sector de las telecomunicaciones en el pa\u00eds, el mismo fue compartido\u00a0 por comunicadores M\u00e1ximo Mi\u00f1oso y Hanfiel Polanco, quienes forman parte del equipo de La Rep\u00fablica un medio conformado por Periodico Digital y Programa de TV.<\/p>\n<p>G\u00f3mez Mazara, reconocido por su vasta experiencia en diferentes \u00e1reas mas alla de la pol\u00edtica, asumir\u00e1 con la visi\u00f3n de b\u00fasqueda de la mejora de los servicios en este sector, asume un reto significativo en un entorno que demanda innovaci\u00f3n y mejoras en la infraestructura y la regulaci\u00f3n de las telecomunicaciones en la Rep\u00fablica Dominicana.<\/p>\n<p>Durante un programa especial de La Rep\u00fablica, Mi\u00f1oso y Polanco expresaron su entusiasmo y respaldo hacia la gesti\u00f3n de G\u00f3mez Mazara. \u00abSabemos que su liderazgo traer\u00e1 cambios positivos y fortalecer\u00e1 la confianza de los usuarios en los servicios digitales\u00bb, afirm\u00f3 Mi\u00f1oso. Por su parte, Polanco enfatiz\u00f3 que el grupo estar\u00e1 a disposici\u00f3n del nuevo director para colaborar en la divulgaci\u00f3n de proyectos e iniciativas que promuevan un mejor acceso a la informaci\u00f3n y tecnolog\u00eda.<\/p>\n<p>La Rep\u00fablica se ha comprometido a acompa\u00f1ar a G\u00f3mez Mazara en su gesti\u00f3n, ofreciendo su plataforma digital y programas informativos como un aliado en la comunicaci\u00f3n de las pol\u00edticas y acciones que implementar\u00e1 desde Indotel.<\/p>\n<p>Con este apoyo, el Grupo de Medios La Rep\u00fablica fija su posici\u00f3n como un ente proactivo en el escenario comunicacional del pa\u00eds, promoviendo un di\u00e1logo abierto y constructivo entre las autoridades y la ciudadan\u00eda.<\/p>\n","protected":false},"excerpt":{"rendered":"<p>El Grupo de Medios La Rep\u00fablica ha extendido sus m\u00e1s sinceras felicitaciones a Guido G\u00f3mez Mazara por su reciente nombramiento como nuevo director del Instituto Dominicano de las Telecomunicaciones (Indotel). Este nombramiento, que llega en un momento crucial para el sector de las telecomunicaciones en el pa\u00eds, el mismo fue compartido\u00a0 por comunicadores M\u00e1ximo Mi\u00f1oso [&hellip;]<\/p>\n","protected":false},"author":1,"featured_media":1519,"comment_status":"open","ping_status":"open","sticky":false,"template":"","format":"standard","meta":{"om_disable_all_campaigns":false,"_monsterinsights_skip_tracking":false,"_monsterinsights_sitenote_active":false,"_monsterinsights_sitenote_note":"","_monsterinsights_sitenote_category":0,"footnotes":""},"categories":[1],"tags":[296,297,298,299],"class_list":{"0":"post-1518","1":"post","2":"type-post","3":"status-publish","4":"format-standard","5":"has-post-thumbnail","7":"category-nacionales","8":"tag-guido-gomez-mazara","9":"tag-indotel","10":"tag-indotel-com","11":"tag-indotel-gob-do"},"aioseo_notices":[],"_links":{"self":[{"href":"https:\/\/periodicolarepublica.com\/index.php\/wp-json\/wp\/v2\/posts\/1518","targetHints":{"allow":["GET"]}}],"collection":[{"href":"https:\/\/periodicolarepublica.com\/index.php\/wp-json\/wp\/v2\/posts"}],"about":[{"href":"https:\/\/periodicolarepublica.com\/index.php\/wp-json\/wp\/v2\/types\/post"}],"author":[{"embeddable":true,"href":"https:\/\/periodicolarepublica.com\/index.php\/wp-json\/wp\/v2\/users\/1"}],"replies":[{"embeddable":true,"href":"https:\/\/periodicolarepublica.com\/index.php\/wp-json\/wp\/v2\/comments?post=1518"}],"version-history":[{"count":2,"href":"https:\/\/periodicolarepublica.com\/index.php\/wp-json\/wp\/v2\/posts\/1518\/revisions"}],"predecessor-version":[{"id":1522,"href":"https:\/\/periodicolarepublica.com\/index.php\/wp-json\/wp\/v2\/posts\/1518\/revisions\/1522"}],"wp:featuredmedia":[{"embeddable":true,"href":"https:\/\/periodicolarepublica.com\/index.php\/wp-json\/wp\/v2\/media\/1519"}],"wp:attachment":[{"href":"https:\/\/periodicolarepublica.com\/index.php\/wp-json\/wp\/v2\/media?parent=1518"}],"wp:term":[{"taxonomy":"category","embeddable":true,"href":"https:\/\/periodicolarepublica.com\/index.php\/wp-json\/wp\/v2\/categories?post=1518"},{"taxonomy":"post_tag","embeddable":true,"href":"https:\/\/periodicolarepublica.com\/index.php\/wp-json\/wp\/v2\/tags?post=1518"}],"curies":[{"name":"wp","href":"https:\/\/api.w.org\/{rel}","templated":true}]}}