{"id":1528,"date":"2024-08-25T19:01:09","date_gmt":"2024-08-25T17:01:09","guid":{"rendered":"https:\/\/periodicolarepublica.com\/?p=1528"},"modified":"2024-08-25T19:01:09","modified_gmt":"2024-08-25T17:01:09","slug":"tomas-hernandez-alberto-afirma-que-poder-pal-pueblo-defendera-hasta-en-las-calles-reforma-constitucional-de-abinader","status":"publish","type":"post","link":"https:\/\/periodicolarepublica.com\/index.php\/2024\/08\/25\/tomas-hernandez-alberto-afirma-que-poder-pal-pueblo-defendera-hasta-en-las-calles-reforma-constitucional-de-abinader\/","title":{"rendered":"Tom\u00e1s Hern\u00e1ndez Alberto afirma que Poder Pal\u2019 Pueblo defender\u00e1 hasta en las calles reforma constitucional de Abinader"},"content":{"rendered":"\r\n<p><img loading=\"lazy\" decoding=\"async\" class=\"size-medium wp-image-1555 alignright\" src=\"https:\/\/periodicolarepublica.com\/wp-content\/uploads\/2024\/08\/IMG-20240825-WA0009-300x169.jpg\" alt=\"\" width=\"300\" height=\"169\" srcset=\"https:\/\/periodicolarepublica.com\/wp-content\/uploads\/2024\/08\/IMG-20240825-WA0009-300x169.jpg?v=1724605249 300w, https:\/\/periodicolarepublica.com\/wp-content\/uploads\/2024\/08\/IMG-20240825-WA0009-1024x576.jpg?v=1724605249 1024w, https:\/\/periodicolarepublica.com\/wp-content\/uploads\/2024\/08\/IMG-20240825-WA0009-768x432.jpg?v=1724605249 768w, https:\/\/periodicolarepublica.com\/wp-content\/uploads\/2024\/08\/IMG-20240825-WA0009-150x84.jpg?v=1724605249 150w, https:\/\/periodicolarepublica.com\/wp-content\/uploads\/2024\/08\/IMG-20240825-WA0009-600x338.jpg?v=1724605249 600w, https:\/\/periodicolarepublica.com\/wp-content\/uploads\/2024\/08\/IMG-20240825-WA0009-696x392.jpg?v=1724605249 696w, https:\/\/periodicolarepublica.com\/wp-content\/uploads\/2024\/08\/IMG-20240825-WA0009-1068x601.jpg?v=1724605249 1068w, https:\/\/periodicolarepublica.com\/wp-content\/uploads\/2024\/08\/IMG-20240825-WA0009.jpg?v=1724605249 1280w\" sizes=\"auto, (max-width: 300px) 100vw, 300px\" \/>SANTO DOMINGO.- La comisi\u00f3n pol\u00edtica del movimiento Poder Pal\u2019 Pueblo se reuni\u00f3 este s\u00e1bado para reiterar su apoyo al presidente Luis Abinader en su proyecto de reforma constitucional, introducida al Congreso Nacional, y a otras iniciativas que el Poder Ejecutivo est\u00e1 estudiando con miras a garantizar el desarrollo econ\u00f3mico y social de la Rep\u00fablica Dominicana.<br \/><br \/>\u201cLes hemos convocado para decirles que Poder Pal\u2019 Pueblo est\u00e1 en condiciones de salir a las calles, si fuere necesario, para tributar el apoyo contundente al presidente Luis Abinader, en un momento que la oposici\u00f3n quiere pensar que todav\u00eda tiene el espacio y la fortaleza que ten\u00eda antes\u201d, dijo de forma en\u00e9rgica el presidente de la organizaci\u00f3n, Tom\u00e1s Hern\u00e1ndez Alberto.<br \/><br \/>La pasada semana, el jefe de Estado, Luis Abinader, someti\u00f3 a la consideraci\u00f3n del Congreso Nacional el proyecto de ley que declara la necesidad de la reforma constitucional y, en consecuencia, ordena la reuni\u00f3n de la Asamblea Nacional Revisora.<br \/><br \/>La propuesta de reforma constitucional impulsada tiene cuatro objetos principales, que son: (1) garantizar la estabilidad constitucional de las reglas de elecci\u00f3n presidencial, al impedir futuras modificaciones que versen sobre las mismas; (2) consolidar la autonom\u00eda constitucional del Ministerio P\u00fablico y especializar sus funciones; (3) unificar la celebraci\u00f3n de las elecciones presidenciales, congresuales, municipales y de dem\u00e1s representantes electivos; y (4) adecuar la cantidad de representantes en la C\u00e1mara de Diputados.<br \/><br \/>\u201cNosotros tenemos fe absoluta en el presidente Luis Abinader\u201d, puntualiz\u00f3 Hern\u00e1ndez Alberto.<\/p>\r\n","protected":false},"excerpt":{"rendered":"<p>SANTO DOMINGO.- La comisi\u00f3n pol\u00edtica del movimiento Poder Pal\u2019 Pueblo se reuni\u00f3 este s\u00e1bado para reiterar su apoyo al presidente Luis Abinader en su proyecto de reforma constitucional, introducida al Congreso Nacional, y a otras iniciativas que el Poder Ejecutivo est\u00e1 estudiando con miras a garantizar el desarrollo econ\u00f3mico y social de la Rep\u00fablica Dominicana. [&hellip;]<\/p>\n","protected":false},"author":6,"featured_media":1555,"comment_status":"open","ping_status":"open","sticky":false,"template":"","format":"standard","meta":{"om_disable_all_campaigns":false,"_monsterinsights_skip_tracking":false,"_monsterinsights_sitenote_active":false,"_monsterinsights_sitenote_note":"","_monsterinsights_sitenote_category":0,"footnotes":""},"categories":[1],"tags":[164,163],"class_list":{"0":"post-1528","1":"post","2":"type-post","3":"status-publish","4":"format-standard","5":"has-post-thumbnail","7":"category-nacionales","8":"tag-movimiento-poder-pal-pueblo","9":"tag-tomas-hernandez-alberto"},"aioseo_notices":[],"_links":{"self":[{"href":"https:\/\/periodicolarepublica.com\/index.php\/wp-json\/wp\/v2\/posts\/1528","targetHints":{"allow":["GET"]}}],"collection":[{"href":"https:\/\/periodicolarepublica.com\/index.php\/wp-json\/wp\/v2\/posts"}],"about":[{"href":"https:\/\/periodicolarepublica.com\/index.php\/wp-json\/wp\/v2\/types\/post"}],"author":[{"embeddable":true,"href":"https:\/\/periodicolarepublica.com\/index.php\/wp-json\/wp\/v2\/users\/6"}],"replies":[{"embeddable":true,"href":"https:\/\/periodicolarepublica.com\/index.php\/wp-json\/wp\/v2\/comments?post=1528"}],"version-history":[{"count":2,"href":"https:\/\/periodicolarepublica.com\/index.php\/wp-json\/wp\/v2\/posts\/1528\/revisions"}],"predecessor-version":[{"id":1556,"href":"https:\/\/periodicolarepublica.com\/index.php\/wp-json\/wp\/v2\/posts\/1528\/revisions\/1556"}],"wp:featuredmedia":[{"embeddable":true,"href":"https:\/\/periodicolarepublica.com\/index.php\/wp-json\/wp\/v2\/media\/1555"}],"wp:attachment":[{"href":"https:\/\/periodicolarepublica.com\/index.php\/wp-json\/wp\/v2\/media?parent=1528"}],"wp:term":[{"taxonomy":"category","embeddable":true,"href":"https:\/\/periodicolarepublica.com\/index.php\/wp-json\/wp\/v2\/categories?post=1528"},{"taxonomy":"post_tag","embeddable":true,"href":"https:\/\/periodicolarepublica.com\/index.php\/wp-json\/wp\/v2\/tags?post=1528"}],"curies":[{"name":"wp","href":"https:\/\/api.w.org\/{rel}","templated":true}]}}