{"id":153,"date":"2023-11-28T20:49:20","date_gmt":"2023-11-28T19:49:20","guid":{"rendered":"https:\/\/periodicolarepublica.com\/?p=153"},"modified":"2023-11-28T20:49:29","modified_gmt":"2023-11-28T19:49:29","slug":"arajet-gana-premio-mejor-nueva-linea-aerea","status":"publish","type":"post","link":"https:\/\/periodicolarepublica.com\/index.php\/2023\/11\/28\/arajet-gana-premio-mejor-nueva-linea-aerea\/","title":{"rendered":"ARAJET gana premio mejor nueva linea A\u00e9rea"},"content":{"rendered":"<div class=\"wp-block-post-author\"><div class=\"wp-block-post-author__avatar\"><img loading=\"lazy\" decoding=\"async\" src=\"https:\/\/periodicolarepublica.com\/wp-content\/uploads\/2023\/12\/maximo-perfil-photo-150x150.jpeg?v=1715379847\" width=\"48\" height=\"48\" srcset=\"https:\/\/periodicolarepublica.com\/wp-content\/uploads\/2023\/12\/maximo-perfil-photo-150x150.jpeg?v=1715379847 2x\" alt=\"Maximo Mi\u00f1oso\" class=\"avatar avatar-48 wp-user-avatar wp-user-avatar-48 alignnone photo\" \/><\/div><div class=\"wp-block-post-author__content\"><p class=\"wp-block-post-author__byline\">M\u00e1ximo Mi\u00f1oso<\/p><p class=\"wp-block-post-author__name\">Maximo Mi\u00f1oso<\/p><\/div><\/div>\n\n\n<figure class=\"wp-block-image size-full is-resized\"><img loading=\"lazy\" decoding=\"async\" width=\"1013\" height=\"1001\" src=\"https:\/\/periodicolarepublica.com\/wp-content\/uploads\/2023\/11\/IMG_20231128_154409.jpg\" alt=\"\" class=\"wp-image-155\" style=\"width:569px;height:auto\" srcset=\"https:\/\/periodicolarepublica.com\/wp-content\/uploads\/2023\/11\/IMG_20231128_154409.jpg?v=1715379853 1013w, https:\/\/periodicolarepublica.com\/wp-content\/uploads\/2023\/11\/IMG_20231128_154409-300x296.jpg?v=1715379853 300w, https:\/\/periodicolarepublica.com\/wp-content\/uploads\/2023\/11\/IMG_20231128_154409-768x759.jpg?v=1715379853 768w\" sizes=\"auto, (max-width: 1013px) 100vw, 1013px\" \/><\/figure>\n\n\n\n<p>La Linea A\u00e9rea ARAJET  en el marco del World Aviation Summit que se desarrolla en Abu Dhabi, Emiratos \u00c1rabes,  fue reconocida con el CAPA Award a la mejor nueva aerol\u00ednea modelo start-up en el mundo, todo un logro para la empresa que representa las alas dominicanas en la aviacion y que en un a\u00f1o esta llegando a veinte destinos en Am\u00e9rica desde su hub en Santo Domingo, Rep\u00fablica Dominicana. <\/p>\n","protected":false},"excerpt":{"rendered":"<p>La Linea A\u00e9rea ARAJET en el marco del World Aviation Summit que se desarrolla en Abu Dhabi, Emiratos \u00c1rabes, fue reconocida con el CAPA Award a la mejor nueva aerol\u00ednea modelo start-up en el mundo, todo un logro para la empresa que representa las alas dominicanas en la aviacion y que en un a\u00f1o esta [&hellip;]<\/p>\n","protected":false},"author":1,"featured_media":155,"comment_status":"open","ping_status":"open","sticky":false,"template":"","format":"standard","meta":{"om_disable_all_campaigns":false,"_monsterinsights_skip_tracking":false,"_monsterinsights_sitenote_active":false,"_monsterinsights_sitenote_note":"","_monsterinsights_sitenote_category":0,"footnotes":""},"categories":[1],"tags":[],"class_list":{"0":"post-153","1":"post","2":"type-post","3":"status-publish","4":"format-standard","5":"has-post-thumbnail","7":"category-nacionales"},"aioseo_notices":[],"_links":{"self":[{"href":"https:\/\/periodicolarepublica.com\/index.php\/wp-json\/wp\/v2\/posts\/153","targetHints":{"allow":["GET"]}}],"collection":[{"href":"https:\/\/periodicolarepublica.com\/index.php\/wp-json\/wp\/v2\/posts"}],"about":[{"href":"https:\/\/periodicolarepublica.com\/index.php\/wp-json\/wp\/v2\/types\/post"}],"author":[{"embeddable":true,"href":"https:\/\/periodicolarepublica.com\/index.php\/wp-json\/wp\/v2\/users\/1"}],"replies":[{"embeddable":true,"href":"https:\/\/periodicolarepublica.com\/index.php\/wp-json\/wp\/v2\/comments?post=153"}],"version-history":[{"count":1,"href":"https:\/\/periodicolarepublica.com\/index.php\/wp-json\/wp\/v2\/posts\/153\/revisions"}],"predecessor-version":[{"id":156,"href":"https:\/\/periodicolarepublica.com\/index.php\/wp-json\/wp\/v2\/posts\/153\/revisions\/156"}],"wp:featuredmedia":[{"embeddable":true,"href":"https:\/\/periodicolarepublica.com\/index.php\/wp-json\/wp\/v2\/media\/155"}],"wp:attachment":[{"href":"https:\/\/periodicolarepublica.com\/index.php\/wp-json\/wp\/v2\/media?parent=153"}],"wp:term":[{"taxonomy":"category","embeddable":true,"href":"https:\/\/periodicolarepublica.com\/index.php\/wp-json\/wp\/v2\/categories?post=153"},{"taxonomy":"post_tag","embeddable":true,"href":"https:\/\/periodicolarepublica.com\/index.php\/wp-json\/wp\/v2\/tags?post=153"}],"curies":[{"name":"wp","href":"https:\/\/api.w.org\/{rel}","templated":true}]}}