{"id":1530,"date":"2024-08-23T14:04:21","date_gmt":"2024-08-23T12:04:21","guid":{"rendered":"https:\/\/periodicolarepublica.com\/?p=1530"},"modified":"2024-08-23T14:04:21","modified_gmt":"2024-08-23T12:04:21","slug":"fundacion-eduardo-leon-jimenes-centro-leon-y-arajet-firman-acuerdo-para-impulsar-intercambios-culturales-y-academicos","status":"publish","type":"post","link":"https:\/\/periodicolarepublica.com\/index.php\/2024\/08\/23\/fundacion-eduardo-leon-jimenes-centro-leon-y-arajet-firman-acuerdo-para-impulsar-intercambios-culturales-y-academicos\/","title":{"rendered":"Fundaci\u00f3n Eduardo Le\u00f3n Jimenes, Centro Le\u00f3n y Arajet firman acuerdo para impulsar intercambios culturales y acad\u00e9micos"},"content":{"rendered":"<p>Esta colaboraci\u00f3n no s\u00f3lo marca un avance significativo en el fortalecimiento de los lazos culturales internacionales, sino que tambi\u00e9n da paso a nuevas oportunidades para el crecimiento y la promoci\u00f3n del arte y la cultura.<\/p>\n<p><img loading=\"lazy\" decoding=\"async\" class=\"alignnone size-medium wp-image-1531\" src=\"https:\/\/periodicolarepublica.com\/wp-content\/uploads\/2024\/08\/Victor-Pacheco-Mendez-y-Maria-Amalia-Leon-300x200.png\" alt=\"\" width=\"300\" height=\"200\" srcset=\"https:\/\/periodicolarepublica.com\/wp-content\/uploads\/2024\/08\/Victor-Pacheco-Mendez-y-Maria-Amalia-Leon-300x200.png?v=1724414463 300w, https:\/\/periodicolarepublica.com\/wp-content\/uploads\/2024\/08\/Victor-Pacheco-Mendez-y-Maria-Amalia-Leon-1024x683.png?v=1724414463 1024w, https:\/\/periodicolarepublica.com\/wp-content\/uploads\/2024\/08\/Victor-Pacheco-Mendez-y-Maria-Amalia-Leon-768x512.png?v=1724414463 768w, https:\/\/periodicolarepublica.com\/wp-content\/uploads\/2024\/08\/Victor-Pacheco-Mendez-y-Maria-Amalia-Leon-1536x1024.png?v=1724414463 1536w, https:\/\/periodicolarepublica.com\/wp-content\/uploads\/2024\/08\/Victor-Pacheco-Mendez-y-Maria-Amalia-Leon-2048x1365.png?v=1724414463 2048w, https:\/\/periodicolarepublica.com\/wp-content\/uploads\/2024\/08\/Victor-Pacheco-Mendez-y-Maria-Amalia-Leon-150x100.png?v=1724414463 150w, https:\/\/periodicolarepublica.com\/wp-content\/uploads\/2024\/08\/Victor-Pacheco-Mendez-y-Maria-Amalia-Leon-600x400.png?v=1724414463 600w, https:\/\/periodicolarepublica.com\/wp-content\/uploads\/2024\/08\/Victor-Pacheco-Mendez-y-Maria-Amalia-Leon-696x464.png?v=1724414463 696w, https:\/\/periodicolarepublica.com\/wp-content\/uploads\/2024\/08\/Victor-Pacheco-Mendez-y-Maria-Amalia-Leon-1392x928.png?v=1724414463 1392w, https:\/\/periodicolarepublica.com\/wp-content\/uploads\/2024\/08\/Victor-Pacheco-Mendez-y-Maria-Amalia-Leon-1068x712.png?v=1724414463 1068w, https:\/\/periodicolarepublica.com\/wp-content\/uploads\/2024\/08\/Victor-Pacheco-Mendez-y-Maria-Amalia-Leon-1920x1280.png?v=1724414463 1920w\" sizes=\"auto, (max-width: 300px) 100vw, 300px\" \/><\/p>\n<p>Santo Domingo. &#8211; Fundaci\u00f3n Eduardo Le\u00f3n Jimenes y Centro Le\u00f3n firmaron un acuerdo con la l\u00ednea a\u00e9rea dominicana Arajet, con el objetivo de desarrollar iniciativas conjuntas y fortalecer actividades educativas para la formaci\u00f3n de personal especializado en artes, y la promoci\u00f3n internacional de las exposiciones de artes visuales que el centro realiza.<\/p>\n<p>Como parte del acuerdo, las instituciones implementar\u00e1n estrategias para juntos aportar una experiencia<\/p>\n<p>cultural a los viajeros de Arajet, integrando elementos de arte y cultura que enriquezcan la vivencia del pasajero.<\/p>\n<p>El acuerdo fue firmado por V\u00edctor Miguel Pacheco M\u00e9ndez, CEO y fundador de la aerol\u00ednea; la Dra. Mar\u00eda Amalia Le\u00f3n, presidente de la Fundaci\u00f3n Eduardo Le\u00f3n Jimenes; y Mar\u00eda Luisa Asilis, directora ejecutiva del Centro Le\u00f3n.<\/p>\n","protected":false},"excerpt":{"rendered":"<p>Esta colaboraci\u00f3n no s\u00f3lo marca un avance significativo en el fortalecimiento de los lazos culturales internacionales, sino que tambi\u00e9n da paso a nuevas oportunidades para el crecimiento y la promoci\u00f3n del arte y la cultura. Santo Domingo. &#8211; Fundaci\u00f3n Eduardo Le\u00f3n Jimenes y Centro Le\u00f3n firmaron un acuerdo con la l\u00ednea a\u00e9rea dominicana Arajet, con [&hellip;]<\/p>\n","protected":false},"author":6,"featured_media":1531,"comment_status":"open","ping_status":"open","sticky":false,"template":"","format":"standard","meta":{"om_disable_all_campaigns":false,"_monsterinsights_skip_tracking":false,"_monsterinsights_sitenote_active":false,"_monsterinsights_sitenote_note":"","_monsterinsights_sitenote_category":0,"footnotes":""},"categories":[1,20],"tags":[288],"class_list":{"0":"post-1530","1":"post","2":"type-post","3":"status-publish","4":"format-standard","5":"has-post-thumbnail","7":"category-nacionales","8":"category-turismo","9":"tag-arajet-com"},"aioseo_notices":[],"_links":{"self":[{"href":"https:\/\/periodicolarepublica.com\/index.php\/wp-json\/wp\/v2\/posts\/1530","targetHints":{"allow":["GET"]}}],"collection":[{"href":"https:\/\/periodicolarepublica.com\/index.php\/wp-json\/wp\/v2\/posts"}],"about":[{"href":"https:\/\/periodicolarepublica.com\/index.php\/wp-json\/wp\/v2\/types\/post"}],"author":[{"embeddable":true,"href":"https:\/\/periodicolarepublica.com\/index.php\/wp-json\/wp\/v2\/users\/6"}],"replies":[{"embeddable":true,"href":"https:\/\/periodicolarepublica.com\/index.php\/wp-json\/wp\/v2\/comments?post=1530"}],"version-history":[{"count":1,"href":"https:\/\/periodicolarepublica.com\/index.php\/wp-json\/wp\/v2\/posts\/1530\/revisions"}],"predecessor-version":[{"id":1532,"href":"https:\/\/periodicolarepublica.com\/index.php\/wp-json\/wp\/v2\/posts\/1530\/revisions\/1532"}],"wp:featuredmedia":[{"embeddable":true,"href":"https:\/\/periodicolarepublica.com\/index.php\/wp-json\/wp\/v2\/media\/1531"}],"wp:attachment":[{"href":"https:\/\/periodicolarepublica.com\/index.php\/wp-json\/wp\/v2\/media?parent=1530"}],"wp:term":[{"taxonomy":"category","embeddable":true,"href":"https:\/\/periodicolarepublica.com\/index.php\/wp-json\/wp\/v2\/categories?post=1530"},{"taxonomy":"post_tag","embeddable":true,"href":"https:\/\/periodicolarepublica.com\/index.php\/wp-json\/wp\/v2\/tags?post=1530"}],"curies":[{"name":"wp","href":"https:\/\/api.w.org\/{rel}","templated":true}]}}