{"id":1547,"date":"2024-08-24T20:39:23","date_gmt":"2024-08-24T18:39:23","guid":{"rendered":"https:\/\/periodicolarepublica.com\/?p=1547"},"modified":"2024-08-24T20:39:23","modified_gmt":"2024-08-24T18:39:23","slug":"juan-roberto-rodriguez-hernandez-un-nuevo-capitulo-como-consul-en-mexico","status":"publish","type":"post","link":"https:\/\/periodicolarepublica.com\/index.php\/2024\/08\/24\/juan-roberto-rodriguez-hernandez-un-nuevo-capitulo-como-consul-en-mexico\/","title":{"rendered":"Juan Roberto Rodr\u00edguez Hern\u00e1ndez: Un Nuevo Cap\u00edtulo como C\u00f3nsul en M\u00e9xico"},"content":{"rendered":"<p>El presidente Luis Abinader, ha seguido anunciando decretos y entre esos, la designaci\u00f3n de Juan Roberto Rodr\u00edguez Hern\u00e1ndez como c\u00f3nsul en M\u00e9xico, quien es ingeniero y exsenador.<\/p>\n<p><img loading=\"lazy\" decoding=\"async\" class=\"alignnone size-medium wp-image-1548\" src=\"https:\/\/periodicolarepublica.com\/wp-content\/uploads\/2024\/08\/Picsart_24-08-24_13-46-38-456-300x169.jpg\" alt=\"\" width=\"300\" height=\"169\" srcset=\"https:\/\/periodicolarepublica.com\/wp-content\/uploads\/2024\/08\/Picsart_24-08-24_13-46-38-456-300x169.jpg?v=1724524743 300w, https:\/\/periodicolarepublica.com\/wp-content\/uploads\/2024\/08\/Picsart_24-08-24_13-46-38-456-1024x576.jpg?v=1724524743 1024w, https:\/\/periodicolarepublica.com\/wp-content\/uploads\/2024\/08\/Picsart_24-08-24_13-46-38-456-768x432.jpg?v=1724524743 768w, https:\/\/periodicolarepublica.com\/wp-content\/uploads\/2024\/08\/Picsart_24-08-24_13-46-38-456-1536x864.jpg?v=1724524743 1536w, https:\/\/periodicolarepublica.com\/wp-content\/uploads\/2024\/08\/Picsart_24-08-24_13-46-38-456-150x84.jpg?v=1724524743 150w, https:\/\/periodicolarepublica.com\/wp-content\/uploads\/2024\/08\/Picsart_24-08-24_13-46-38-456-600x338.jpg?v=1724524743 600w, https:\/\/periodicolarepublica.com\/wp-content\/uploads\/2024\/08\/Picsart_24-08-24_13-46-38-456-696x392.jpg?v=1724524743 696w, https:\/\/periodicolarepublica.com\/wp-content\/uploads\/2024\/08\/Picsart_24-08-24_13-46-38-456-1392x783.jpg?v=1724524743 1392w, https:\/\/periodicolarepublica.com\/wp-content\/uploads\/2024\/08\/Picsart_24-08-24_13-46-38-456-1068x601.jpg?v=1724524743 1068w, https:\/\/periodicolarepublica.com\/wp-content\/uploads\/2024\/08\/Picsart_24-08-24_13-46-38-456.jpg?v=1724524743 1920w\" sizes=\"auto, (max-width: 300px) 100vw, 300px\" \/><\/p>\n<p>Rodr\u00edguez Hern\u00e1ndez ha desempe\u00f1ado\u00a0 diferentes roles en el pa\u00eds, tanto en el \u00e1mbito empresarial como pol\u00edtico ya que en el sector hidrosanitario, fue director del Instituto Nacional de Aguas Potables y Alcantarillados (INAPA).<\/p>\n<p>El ahora designado Consul, ha demostrado una dedicaci\u00f3n hacia el servicio p\u00fablico y su nueva funci\u00f3n\u00a0 Rodr\u00edguez Hern\u00e1ndez tendr\u00e1 la oportunidad de profundizar los lazos entre ambos pa\u00edses, as\u00ed como representar los intereses de los dominicanos que residen en el extranjero.<\/p>\n<p>Adem\u00e1s, la vida personal de Rodr\u00edguez Hern\u00e1ndez refleja su compromiso con la familia y el legado quien junto a Celeste Marisol Jim\u00e9nez, son padres de Jean Luis Rodr\u00edguez, quien actualmente se desempe\u00f1a como director de la Autoridad Portuaria Dominicana. Jean Luis sigue los pasos de su padre, demostrando que el compromiso y el servicio a la comunidad son valores profundamente arraigados en esta familia.<\/p>\n<p>&nbsp;<\/p>\n","protected":false},"excerpt":{"rendered":"<p>El presidente Luis Abinader, ha seguido anunciando decretos y entre esos, la designaci\u00f3n de Juan Roberto Rodr\u00edguez Hern\u00e1ndez como c\u00f3nsul en M\u00e9xico, quien es ingeniero y exsenador. Rodr\u00edguez Hern\u00e1ndez ha desempe\u00f1ado\u00a0 diferentes roles en el pa\u00eds, tanto en el \u00e1mbito empresarial como pol\u00edtico ya que en el sector hidrosanitario, fue director del Instituto Nacional de [&hellip;]<\/p>\n","protected":false},"author":1,"featured_media":1548,"comment_status":"open","ping_status":"open","sticky":false,"template":"","format":"standard","meta":{"om_disable_all_campaigns":false,"_monsterinsights_skip_tracking":false,"_monsterinsights_sitenote_active":false,"_monsterinsights_sitenote_note":"","_monsterinsights_sitenote_category":0,"footnotes":""},"categories":[1],"tags":[],"class_list":{"0":"post-1547","1":"post","2":"type-post","3":"status-publish","4":"format-standard","5":"has-post-thumbnail","7":"category-nacionales"},"aioseo_notices":[],"_links":{"self":[{"href":"https:\/\/periodicolarepublica.com\/index.php\/wp-json\/wp\/v2\/posts\/1547","targetHints":{"allow":["GET"]}}],"collection":[{"href":"https:\/\/periodicolarepublica.com\/index.php\/wp-json\/wp\/v2\/posts"}],"about":[{"href":"https:\/\/periodicolarepublica.com\/index.php\/wp-json\/wp\/v2\/types\/post"}],"author":[{"embeddable":true,"href":"https:\/\/periodicolarepublica.com\/index.php\/wp-json\/wp\/v2\/users\/1"}],"replies":[{"embeddable":true,"href":"https:\/\/periodicolarepublica.com\/index.php\/wp-json\/wp\/v2\/comments?post=1547"}],"version-history":[{"count":1,"href":"https:\/\/periodicolarepublica.com\/index.php\/wp-json\/wp\/v2\/posts\/1547\/revisions"}],"predecessor-version":[{"id":1549,"href":"https:\/\/periodicolarepublica.com\/index.php\/wp-json\/wp\/v2\/posts\/1547\/revisions\/1549"}],"wp:featuredmedia":[{"embeddable":true,"href":"https:\/\/periodicolarepublica.com\/index.php\/wp-json\/wp\/v2\/media\/1548"}],"wp:attachment":[{"href":"https:\/\/periodicolarepublica.com\/index.php\/wp-json\/wp\/v2\/media?parent=1547"}],"wp:term":[{"taxonomy":"category","embeddable":true,"href":"https:\/\/periodicolarepublica.com\/index.php\/wp-json\/wp\/v2\/categories?post=1547"},{"taxonomy":"post_tag","embeddable":true,"href":"https:\/\/periodicolarepublica.com\/index.php\/wp-json\/wp\/v2\/tags?post=1547"}],"curies":[{"name":"wp","href":"https:\/\/api.w.org\/{rel}","templated":true}]}}