{"id":1550,"date":"2024-08-25T00:48:07","date_gmt":"2024-08-24T22:48:07","guid":{"rendered":"https:\/\/periodicolarepublica.com\/?p=1550"},"modified":"2024-08-25T00:48:07","modified_gmt":"2024-08-24T22:48:07","slug":"homero-figueroa-la-voz-del-palacio-en-su-natalicio","status":"publish","type":"post","link":"https:\/\/periodicolarepublica.com\/index.php\/2024\/08\/25\/homero-figueroa-la-voz-del-palacio-en-su-natalicio\/","title":{"rendered":"Homero Figueroa: La Voz del Palacio en su natalicio."},"content":{"rendered":"<p>El director de la Direcci\u00f3n de Estrategia y Comunicaci\u00f3n Gubernamental (DIECOM), Homero Figueroa, celebra su cumplea\u00f1os n\u00famero 58.<\/p>\n<p><img loading=\"lazy\" decoding=\"async\" class=\"alignnone size-medium wp-image-1551\" src=\"https:\/\/periodicolarepublica.com\/wp-content\/uploads\/2024\/08\/Picsart_24-08-24_18-07-39-865-300x172.jpg\" alt=\"\" width=\"300\" height=\"172\" srcset=\"https:\/\/periodicolarepublica.com\/wp-content\/uploads\/2024\/08\/Picsart_24-08-24_18-07-39-865-300x172.jpg?v=1724539326 300w, https:\/\/periodicolarepublica.com\/wp-content\/uploads\/2024\/08\/Picsart_24-08-24_18-07-39-865-1024x587.jpg?v=1724539326 1024w, https:\/\/periodicolarepublica.com\/wp-content\/uploads\/2024\/08\/Picsart_24-08-24_18-07-39-865-768x440.jpg?v=1724539326 768w, https:\/\/periodicolarepublica.com\/wp-content\/uploads\/2024\/08\/Picsart_24-08-24_18-07-39-865-1536x881.jpg?v=1724539326 1536w, https:\/\/periodicolarepublica.com\/wp-content\/uploads\/2024\/08\/Picsart_24-08-24_18-07-39-865-150x86.jpg?v=1724539326 150w, https:\/\/periodicolarepublica.com\/wp-content\/uploads\/2024\/08\/Picsart_24-08-24_18-07-39-865-600x344.jpg?v=1724539326 600w, https:\/\/periodicolarepublica.com\/wp-content\/uploads\/2024\/08\/Picsart_24-08-24_18-07-39-865-696x399.jpg?v=1724539326 696w, https:\/\/periodicolarepublica.com\/wp-content\/uploads\/2024\/08\/Picsart_24-08-24_18-07-39-865-1392x798.jpg?v=1724539326 1392w, https:\/\/periodicolarepublica.com\/wp-content\/uploads\/2024\/08\/Picsart_24-08-24_18-07-39-865-1068x612.jpg?v=1724539326 1068w, https:\/\/periodicolarepublica.com\/wp-content\/uploads\/2024\/08\/Picsart_24-08-24_18-07-39-865.jpg?v=1724539326 1884w\" sizes=\"auto, (max-width: 300px) 100vw, 300px\" \/><\/p>\n<p>Con una trayectoria profesional que abarca m\u00e1s de tres d\u00e9cadas en el \u00e1mbito de la comunicaci\u00f3n, Figueroa ha sido un pilar en el gobierno del presidente Luis Abinader.<\/p>\n<p>Nacido un 24 de agosto de 1965, en La Romana, Figueroa se gradu\u00f3 en Comunicaci\u00f3n Social en la Universidad APEC, donde comenz\u00f3 a forjar su camino en un campo que ha transformado radicalmente en los \u00faltimos a\u00f1os. Bajo su direcci\u00f3n, la DIECOM ha logrado establecer un canal eficiente de comunicaci\u00f3n entre el gobierno y la sociedad, un aspecto crucial en la construcci\u00f3n de una democracia participativa y responsable.<\/p>\n<p>Figueroa ha sabido articular estrategias innovadoras que han permitido a la ciudadan\u00eda estar mejor informada sobre las pol\u00edticas y acciones del gobierno.<\/p>\n<p>En su cumplea\u00f1os, el grupo de medios La Rep\u00fablica dirigido por M\u00e1ximo Mi\u00f1oso y Hanfiel Polanco, se une a las felicitaciones y lo reconocen l\u00edder visionario en el \u00e1mbito de la comunicaci\u00f3n gubernamental.<\/p>\n<p>\u00a1Feliz cumplea\u00f1os, Homero!<\/p>\n","protected":false},"excerpt":{"rendered":"<p>El director de la Direcci\u00f3n de Estrategia y Comunicaci\u00f3n Gubernamental (DIECOM), Homero Figueroa, celebra su cumplea\u00f1os n\u00famero 58. Con una trayectoria profesional que abarca m\u00e1s de tres d\u00e9cadas en el \u00e1mbito de la comunicaci\u00f3n, Figueroa ha sido un pilar en el gobierno del presidente Luis Abinader. Nacido un 24 de agosto de 1965, en La [&hellip;]<\/p>\n","protected":false},"author":1,"featured_media":1551,"comment_status":"open","ping_status":"open","sticky":false,"template":"","format":"standard","meta":{"om_disable_all_campaigns":false,"_monsterinsights_skip_tracking":false,"_monsterinsights_sitenote_active":false,"_monsterinsights_sitenote_note":"","_monsterinsights_sitenote_category":0,"footnotes":""},"categories":[1],"tags":[301,302],"class_list":{"0":"post-1550","1":"post","2":"type-post","3":"status-publish","4":"format-standard","5":"has-post-thumbnail","7":"category-nacionales","8":"tag-homero-figuero","9":"tag-homero-figueroa"},"aioseo_notices":[],"_links":{"self":[{"href":"https:\/\/periodicolarepublica.com\/index.php\/wp-json\/wp\/v2\/posts\/1550","targetHints":{"allow":["GET"]}}],"collection":[{"href":"https:\/\/periodicolarepublica.com\/index.php\/wp-json\/wp\/v2\/posts"}],"about":[{"href":"https:\/\/periodicolarepublica.com\/index.php\/wp-json\/wp\/v2\/types\/post"}],"author":[{"embeddable":true,"href":"https:\/\/periodicolarepublica.com\/index.php\/wp-json\/wp\/v2\/users\/1"}],"replies":[{"embeddable":true,"href":"https:\/\/periodicolarepublica.com\/index.php\/wp-json\/wp\/v2\/comments?post=1550"}],"version-history":[{"count":1,"href":"https:\/\/periodicolarepublica.com\/index.php\/wp-json\/wp\/v2\/posts\/1550\/revisions"}],"predecessor-version":[{"id":1552,"href":"https:\/\/periodicolarepublica.com\/index.php\/wp-json\/wp\/v2\/posts\/1550\/revisions\/1552"}],"wp:featuredmedia":[{"embeddable":true,"href":"https:\/\/periodicolarepublica.com\/index.php\/wp-json\/wp\/v2\/media\/1551"}],"wp:attachment":[{"href":"https:\/\/periodicolarepublica.com\/index.php\/wp-json\/wp\/v2\/media?parent=1550"}],"wp:term":[{"taxonomy":"category","embeddable":true,"href":"https:\/\/periodicolarepublica.com\/index.php\/wp-json\/wp\/v2\/categories?post=1550"},{"taxonomy":"post_tag","embeddable":true,"href":"https:\/\/periodicolarepublica.com\/index.php\/wp-json\/wp\/v2\/tags?post=1550"}],"curies":[{"name":"wp","href":"https:\/\/api.w.org\/{rel}","templated":true}]}}